{"id":1029,"date":"2022-01-24T23:22:54","date_gmt":"2022-01-24T22:22:54","guid":{"rendered":"http:\/\/cpaparis.org\/?p=1029"},"modified":"2024-10-16T19:05:37","modified_gmt":"2024-10-16T17:05:37","slug":"le-cpap-a-pris-la-4eme-place-sur-13-du-classement-interclub-au-cours-de-la-34eme-coupe-des-druides","status":"publish","type":"post","link":"http:\/\/cpaparis.org\/?p=1029","title":{"rendered":"LE CPAP A PRIS LA 4\u00e8me PLACE SUR 13, DU CLASSEMENT INTERCLUB AU COURS DE LA 34\u00e8me COUPE DES DRUIDES"},"content":{"rendered":"\n<p>C\u2019\u00e9tait la <strong>XXVI\u00e8me<\/strong> Coupe des Druides, LA comp\u00e9tition adulte ISU de la saison.<\/p>\n<p>Apr\u00e8s ces long mois de confinements et la coupe 2021 annul\u00e9e, le rendez-vous devenait incontournable, surtout pour le CPAP historiquement pr\u00e9sent \u00e0 chacune de ces rencontres.<\/p>\n<p>A la t\u00eate du CPAP depuis 2 ans, Nathalie s\u2019est engag\u00e9e d\u00e8s le mois de novembre dans un d\u00e9marchage actif aupr\u00e8s des adh\u00e9rents du club pour le repr\u00e9senter \u00e0 cette \u00e9dition. Et le club a propos\u00e9 sa \u00ab\u00a0dream team\u00a0\u00bb compos\u00e9e de 8 de ses meilleurs danseurs (on aurait \u00e9t\u00e9 10 s\u2019il n\u2019y avait pas eu <br \/>2 d\u00e9sistements de derni\u00e8re minute).<\/p>\n<table style=\"border-collapse: collapse; width: 97.9628%; height: 421px;\">\n<tbody>\n<tr style=\"height: 432px;\">\n<td style=\"width: 50%; height: 432px;\">\n<p><\/p>\n<figure class=\"wp-block-image size-large\"><img loading=\"lazy\" decoding=\"async\" width=\"768\" height=\"1024\" class=\"wp-image-1015\" src=\"http:\/\/cpaparis.org\/wp-content\/uploads\/2022\/01\/eeea35c7-0121-4f78-a520-b0a1241288b9-768x1024.jpg\" alt=\"\" srcset=\"http:\/\/cpaparis.org\/wp-content\/uploads\/2022\/01\/eeea35c7-0121-4f78-a520-b0a1241288b9-768x1024.jpg 768w, http:\/\/cpaparis.org\/wp-content\/uploads\/2022\/01\/eeea35c7-0121-4f78-a520-b0a1241288b9-225x300.jpg 225w, http:\/\/cpaparis.org\/wp-content\/uploads\/2022\/01\/eeea35c7-0121-4f78-a520-b0a1241288b9.jpg 810w\" sizes=\"auto, (max-width: 768px) 100vw, 768px\" \/><\/figure>\n<p><\/p>\n<\/td>\n<td style=\"width: 55.5328%; height: 432px;\">\n<p>Allez, je vous la pr\u00e9sente, de gauche \u00e0 droite\u00a0: <strong>Th\u00e9r\u00e8se, Carole, Florian, Sandrine, Morgane, Jean Paul, Nathalie et B\u00e9n\u00e9dicte<\/strong>. Mais me direz-vous, Jean Paul vient de quitter Paris pour s\u2019\u00e9tablir \u00e0 Bordeaux \u2026 Oui mais il a toujours sa licence au club\u00a0! Merci Jean Paul, pour ton ind\u00e9fectible soutien\u00a0!<\/p>\n<p>Parmi les 13 clubs inscrits \u00e0 l\u2019\u00e9dition 2022, le CPAP est le seul club \u00e0 proposer des couples \u00e0 chacun des niveaux\u00a0: depuis pr\u00e9liminaire \u00e0 or. <strong>Notez bien\u00a0: des couples de pr\u00e9liminaire \u00e0 or\u00a0!<\/strong><\/p>\n<\/td>\n<\/tr>\n<\/tbody>\n<\/table>\n\n\n\n<p>Premi\u00e8re \u00e9tape \u00e0 ne pas manquer&nbsp;: les retrouvailles le vendredi soir \u00e0 l\u2019h\u00f4tel. Je me souviens avoir salu\u00e9 joyeusement l\u2019\u00e9quipage interloqu\u00e9 d\u2019une voiture dont les 4 portes se sont ouvertes en m\u00eame temps \u00e0 peine arriv\u00e9e sur le parking. On a fait connaissance autour de la table du restaurant. C\u2019\u00e9tait un \u00e9quipage de la \u00ab&nbsp;dream team&nbsp;\u00bb de Bordeaux&nbsp;! Ca a discut\u00e9 patin, maquillage, \u2026 et un peu aussi les examens \u00e0 venir\u2026<\/p>\n\n\n\n<p>Viennent ensuite les derniers ajustements de chor\u00e9graphie (entr\u00e9es et sorties), couleur de chemise et\/ ou de n\u0153ud papillon, horaires de passage et timing d\u2019\u00e9chauffement \u2026<\/p>\n\n\n\n<p>Et puis chacun se retire dans sa chambre. Mais le stress vous emp\u00eache de trouver le sommeil ou m\u00eame vient vous r\u00e9veiller la nuit. Plusieurs fois en plus&nbsp;! \u2026 On a beau se rassurer avec des&nbsp;: \u00ab&nbsp;<em>on est l\u00e0 pour se faire plaisir, il n\u2019y a pas d\u2019enjeu, <\/em>\u2026 \u00bb. Rien n\u2019y fait !<\/p>\n\n\n\n<p>Le club de Toulouse et son \u00e9quipe de b\u00e9n\u00e9voles est maintenant bien r\u00f4d\u00e9 \u00e0 l\u2019exercice de l\u2019organisation de ce moment particulier. Sa Pr\u00e9sidente -qui se pr\u00e9sente sur glace aussi-, prend le temps de saluer ses h\u00f4tes au moment de l\u2019accr\u00e9ditation. On se retrouve d\u2019ann\u00e9es en ann\u00e9es. On est curieux de d\u00e9couvrir les prestations des uns et des autres, et de constater les progr\u00e8s glan\u00e9s au gr\u00e9 des saisons \u2026 Les juges sont sensibles \u00e0 cette ambiance. Apr\u00e8s tout, ne sont-ils pas eux aussi partie prenante de la f\u00eate&nbsp;? Ne les a-t-on pas charg\u00e9s de d\u00e9partager les meilleurs, et d\u2019encourager ceux qui sont en chemin vers les succ\u00e8s&nbsp;?<\/p>\n\n\n\n<p>La comp\u00e9tition commence \u00e0 8h le samedi. Les podiums sont pr\u00e9vus \u00e0 20h30, avec une pause d\u00e9jeuner d\u2019une heure vingt, 4 surfa\u00e7ages. On a la patinoire pour nous&nbsp;!&nbsp;Dans notre programme sont pr\u00e9vues pratiquement 2 heures de libres d\u2019interpr\u00e9tation solos&nbsp;: il va y avoir du spectacle&nbsp;! On peut juste regretter qu\u2019il n\u2019y ait que 2 couples.<\/p>\n\n\n\n<p>Apr\u00e8s les quelques minutes de l\u2019\u00e9chauffement officiel, on vous invite &nbsp;: \u00ab&nbsp;<em>Se pr\u00e9sente sur la glace<\/em> \u2026.&nbsp;\u00bb Le c\u0153ur se serre un peu. \u00ab&nbsp;<em>Alleeeeez&nbsp;!<\/em>\u00bb (L\u00e0 ce sont les copines&nbsp;!). On glisse alors gracieusement devant les juges avant l\u2019aller se placer \u00e0 son point de d\u00e9part, pour que la premi\u00e8re s\u00e9rie de la danse impos\u00e9e soit ex\u00e9cut\u00e9e devant les juges. C\u2019est le moment de tout donner&nbsp;!<\/p>\n\n\n\n<p>La musique est lanc\u00e9e. Les directions, le rythme, le sch\u00e9ma, l\u2019engagement\u2026 il faut penser \u00e0 tout.<\/p>\n\n\n\n<p>C\u2019est d\u00e9j\u00e0 fini. On retrouve soudainement le sourire. On salue de nouveau les juges, on vous remercie, et on sort rapidement pour laisser place au concurrent suivant. Les copines vous accueillent en bord de piste avec un gentil compliment. On est souvent tr\u00e8s critique de sa prestation. Mais, on l\u2019a fait du mieux qu\u2019on pouvait avec cet ind\u00e9sirable compagnon qui ne vous a pas l\u00e2ch\u00e9&nbsp;: le stress&nbsp;! Au micro, les notes tombent. Il va falloir donner encore pour la seconde danse.<\/p>\n\n\n\n<p>Les \u00ab&nbsp;grandes cat\u00e9gories&nbsp;\u00bb courent se changer au vestiaire pour se pr\u00e9senter dans une tunique en accord avec les accents de la musique de la seconde danse impos\u00e9e. Celles qui se trouvent l\u00e0 peuvent \u00eatre appel\u00e9es \u00e0 la rescousse lors de difficult\u00e9s d\u2019habillage. C\u2019est de nouveau votre moment : \u00e9chauffement officiel puis c\u2019est \u00e0 vous. L\u2019enchainement des s\u00e9ries est toujours aussi difficile \u2026 Mais, cette fois, tout est accompli.<\/p>\n\n\n\n<p>Les notes sont une nouvelle fois \u00e9gren\u00e9es au micro. Le classement provisoire annonce votre position du moment \u00ab&nbsp;<em>au combin\u00e9 des 2 \u00e9preuves<\/em>&nbsp;\u00bb. On se pr\u00eate \u00e0 r\u00eaver qu\u2019on a peut-\u00eatre un podium. Certaines vont s\u2019en assurer en allant v\u00e9rifier les notes affich\u00e9es au mur. Pour faire mieux la prochaine fois, il faut apprendre \u00e0 les d\u00e9chiffrer \u2026 alors on explique \u00e0 ceux qui d\u00e9couvrent le syst\u00e8me.<\/p>\n\n\n\n<p>B\u00e9n\u00e9dicte n\u2019a malheureusement pas pu patiner. Elle est venue avec son mari pour nous encourager. Ils avaient constitu\u00e9 une r\u00e9serve de peluches que B\u00e9n\u00e9dicte a lanc\u00e9es sur la glace apr\u00e8s chacune de nos prestations. Ca fait vraiment plaisir&nbsp;! Elle a coach\u00e9 celles qui le lui demandaient. Elle a aussi proc\u00e9d\u00e9 en bord de piste \u00e0 l\u2019extraction in live d\u2019un soutien-gorge qui g\u00eanait.<\/p>\n\n\n\n<figure class=\"wp-block-image size-full is-resized\"><img loading=\"lazy\" decoding=\"async\" src=\"http:\/\/cpaparis.org\/wp-content\/uploads\/2022\/01\/f8487b3d-6dc4-434f-855e-e10bbcae69c7.jpg\" alt=\"\" class=\"wp-image-1016\" width=\"240\" height=\"240\" srcset=\"http:\/\/cpaparis.org\/wp-content\/uploads\/2022\/01\/f8487b3d-6dc4-434f-855e-e10bbcae69c7.jpg 640w, http:\/\/cpaparis.org\/wp-content\/uploads\/2022\/01\/f8487b3d-6dc4-434f-855e-e10bbcae69c7-300x300.jpg 300w, http:\/\/cpaparis.org\/wp-content\/uploads\/2022\/01\/f8487b3d-6dc4-434f-855e-e10bbcae69c7-150x150.jpg 150w\" sizes=\"auto, (max-width: 240px) 100vw, 240px\" \/><figcaption>Morgane<\/figcaption><\/figure>\n\n\n\n<p>Un tr\u00e8s grand bravo \u00e0 Nathalie pour ses prestations solos en argent et vermeil de derni\u00e8res minutes. Elle nous a fait un tr\u00e8s beau podium argent. \u00ab&nbsp;<em>Moi je suis venue voir Nathalie patiner&nbsp;<\/em>\u00bb m\u2019a confi\u00e9 une fan de Toulouse rencontr\u00e9e dans les gradins\u2026<\/p>\n\n\n\n<p>Les couples de danse sur glace \u00e9taient trop peu nombreux cette ann\u00e9e. La palme d\u2019or revient bien \u00e0 notre Carole et son partenaire Florian. B\u00e9n\u00e9dicte nous a rapport\u00e9 avoir eu les confidences d\u2019un juge \u00e0 leur sujet&nbsp;: \u00ab&nbsp;<em>toujours tr\u00e8s agr\u00e9able de regarder \u00e9voluer Carole sur la glace<\/em>&nbsp;\u00bb. Et puis nous avons eu Sandrine qui s\u2019est \u00e9lanc\u00e9e pour la premi\u00e8re fois en couple avec Florian (vraiment sympa ce Florian&nbsp;!) sans oublier Morgane qui s\u2019est bien d\u00e9brouill\u00e9e.<\/p>\n\n\n\n<figure class=\"wp-block-table\"><table><tbody><tr><td>Les libres d\u2019interpr\u00e9tation \u00e9taient d\u2019un tr\u00e8s bon niveau. On dirait que les jeunes se lib\u00e8rent des difficult\u00e9s de l\u2019ex\u00e9cution des danses impos\u00e9es. Les moins jeunes rivalisent de fantaisie et d\u2019originalit\u00e9 pour grappiller quelques points. J\u2019ai ador\u00e9 la danse d\u2019interpr\u00e9tation du couple de Raymond et Marie Jo BAGET. Chaque ann\u00e9e, ils nous pr\u00e9sentent quelque chose de nouveau. J\u2019ai aussi aim\u00e9 la jolie histoire qui se cache derri\u00e8re la prestation de Florence et Pascal.<\/td><td><img decoding=\"async\" src=\"http:\/\/cpaparis.org\/wp-content\/uploads\/2022\/01\/Couple-Baget.jpg\" alt=\"\" style=\"width: 1400px;\"><\/td><\/tr><\/tbody><\/table><figcaption>Les Baget<\/figcaption><\/figure>\n\n\n\n<p>Les podiums arrivaient tard dans la soir\u00e9e, mais c\u2019est encore un souvenir inoubliable gr\u00e2ce \u00e0 l\u2019expertise de celui qui pilotait la sono. Ses choix musicaux tr\u00e8s \u00e0 propos -tant au moment des podiums, que pour le final- ont r\u00e9veill\u00e9 l\u2019enthousiasme de tous les patineurs sur une macarena endiabl\u00e9e sur glace. Et vous savez quoi&nbsp;? Nous avons tous gard\u00e9 le masque et respect\u00e9 les consignes sanitaires&nbsp;! Quelle discipline \u00e0 Toulouse&nbsp;!<\/p>\n\n\n\n<figure class=\"wp-block-image size-full is-resized\"><img loading=\"lazy\" decoding=\"async\" src=\"http:\/\/cpaparis.org\/wp-content\/uploads\/2022\/01\/IMG_1245-rotated.jpg\" alt=\"\" class=\"wp-image-1025\" width=\"377\" height=\"503\" srcset=\"http:\/\/cpaparis.org\/wp-content\/uploads\/2022\/01\/IMG_1245-rotated.jpg 480w, http:\/\/cpaparis.org\/wp-content\/uploads\/2022\/01\/IMG_1245-225x300.jpg 225w\" sizes=\"auto, (max-width: 377px) 100vw, 377px\" \/><figcaption>Place du Capitole<\/figcaption><\/figure>\n\n\n\n<p>On ne pouvait pas repartir sans \u00eatre all\u00e9s sur la place du Capitole, et sans avoir partag\u00e9 un moment de convivialit\u00e9 du club. Nous avons donc termin\u00e9 notre belle journ\u00e9e autour d\u2019une coupe de champagne, s\u2019il vous plait, et d\u2019un plat \u00e0 la brasserie Le Grand Caf\u00e9 le Florida.<\/p>\n\n\n\n<p>Le CPAP a pris la 4<sup>\u00e8me<\/sup> place au classement des clubs. Il se d\u00e9fend fort bien dans un environnement patinistique qui monte en niveau, avec une rel\u00e8ve de jeunes qui abandonnent \u00e0 regret les entra\u00eenements intensifs pour se consacrer \u00e0 leur future vie professionnelle.<\/p>\n\n\n\n<p><strong>Th\u00e9r\u00e8se GUINOT <\/strong><\/p>\n\n\n\n<p>23\/01\/2022<\/p>\n","protected":false},"excerpt":{"rendered":"<p>Premi\u00e8re \u00e9tape \u00e0 ne pas manquer&nbsp;: les retrouvailles le vendredi soir \u00e0 l\u2019h\u00f4tel. Je me souviens avoir salu\u00e9 joyeusement l\u2019\u00e9quipage interloqu\u00e9 d\u2019une voiture dont les 4 portes se sont ouvertes en m\u00eame temps \u00e0 peine arriv\u00e9e sur le parking. On <a class=\"more-link\" href=\"http:\/\/cpaparis.org\/?p=1029\">Lire plus &#8230;<\/a><\/p>\n","protected":false},"author":11,"featured_media":0,"comment_status":"closed","ping_status":"open","sticky":false,"template":"","format":"standard","meta":{"footnotes":""},"categories":[10],"tags":[26],"post_folder":[],"class_list":["post-1029","post","type-post","status-publish","format-standard","hentry","category-competitions","tag-competition"],"yoast_head":"<!-- This site is optimized with the Yoast SEO plugin v26.2 - https:\/\/yoast.com\/wordpress\/plugins\/seo\/ -->\n<title>LE CPAP A PRIS LA 4\u00e8me PLACE SUR 13, DU CLASSEMENT INTERCLUB AU COURS DE LA 34\u00e8me COUPE DES DRUIDES - Club de Patinage Adultes de Paris<\/title>\n<meta name=\"robots\" content=\"index, follow, max-snippet:-1, max-image-preview:large, max-video-preview:-1\" \/>\n<link rel=\"canonical\" href=\"http:\/\/cpaparis.org\/?p=1029\" \/>\n<meta property=\"og:locale\" content=\"fr_FR\" \/>\n<meta property=\"og:type\" content=\"article\" \/>\n<meta property=\"og:title\" content=\"LE CPAP A PRIS LA 4\u00e8me PLACE SUR 13, DU CLASSEMENT INTERCLUB AU COURS DE LA 34\u00e8me COUPE DES DRUIDES - Club de Patinage Adultes de Paris\" \/>\n<meta property=\"og:description\" content=\"Premi\u00e8re \u00e9tape \u00e0 ne pas manquer&nbsp;: les retrouvailles le vendredi soir \u00e0 l\u2019h\u00f4tel. Je me souviens avoir salu\u00e9 joyeusement l\u2019\u00e9quipage interloqu\u00e9 d\u2019une voiture dont les 4 portes se sont ouvertes en m\u00eame temps \u00e0 peine arriv\u00e9e sur le parking. On Lire plus ...\" \/>\n<meta property=\"og:url\" content=\"http:\/\/cpaparis.org\/?p=1029\" \/>\n<meta property=\"og:site_name\" content=\"Club de Patinage Adultes de Paris\" \/>\n<meta property=\"article:published_time\" content=\"2022-01-24T22:22:54+00:00\" \/>\n<meta property=\"article:modified_time\" content=\"2024-10-16T17:05:37+00:00\" \/>\n<meta property=\"og:image\" content=\"http:\/\/cpaparis.org\/wp-content\/uploads\/2022\/01\/eeea35c7-0121-4f78-a520-b0a1241288b9-768x1024.jpg\" \/>\n<meta name=\"author\" content=\"Th\u00e9r\u00e8se Guinot\" \/>\n<meta name=\"twitter:card\" content=\"summary_large_image\" \/>\n<meta name=\"twitter:label1\" content=\"\u00c9crit par\" \/>\n\t<meta name=\"twitter:data1\" content=\"Th\u00e9r\u00e8se Guinot\" \/>\n\t<meta name=\"twitter:label2\" content=\"Dur\u00e9e de lecture estim\u00e9e\" \/>\n\t<meta name=\"twitter:data2\" content=\"7 minutes\" \/>\n<script type=\"application\/ld+json\" class=\"yoast-schema-graph\">{\"@context\":\"https:\/\/schema.org\",\"@graph\":[{\"@type\":\"Article\",\"@id\":\"http:\/\/cpaparis.org\/?p=1029#article\",\"isPartOf\":{\"@id\":\"http:\/\/cpaparis.org\/?p=1029\"},\"author\":{\"name\":\"Th\u00e9r\u00e8se Guinot\",\"@id\":\"http:\/\/cpaparis.org\/#\/schema\/person\/62c1da48b57b5ccb3841b94ea68c2f51\"},\"headline\":\"LE CPAP A PRIS LA 4\u00e8me PLACE SUR 13, DU CLASSEMENT INTERCLUB AU COURS DE LA 34\u00e8me COUPE DES DRUIDES\",\"datePublished\":\"2022-01-24T22:22:54+00:00\",\"dateModified\":\"2024-10-16T17:05:37+00:00\",\"mainEntityOfPage\":{\"@id\":\"http:\/\/cpaparis.org\/?p=1029\"},\"wordCount\":1397,\"publisher\":{\"@id\":\"http:\/\/cpaparis.org\/#organization\"},\"image\":{\"@id\":\"http:\/\/cpaparis.org\/?p=1029#primaryimage\"},\"thumbnailUrl\":\"http:\/\/cpaparis.org\/wp-content\/uploads\/2022\/01\/eeea35c7-0121-4f78-a520-b0a1241288b9-768x1024.jpg\",\"keywords\":[\"Competition\"],\"articleSection\":[\"Comp\u00e9titions\"],\"inLanguage\":\"fr-FR\"},{\"@type\":\"WebPage\",\"@id\":\"http:\/\/cpaparis.org\/?p=1029\",\"url\":\"http:\/\/cpaparis.org\/?p=1029\",\"name\":\"LE CPAP A PRIS LA 4\u00e8me PLACE SUR 13, DU CLASSEMENT INTERCLUB AU COURS DE LA 34\u00e8me COUPE DES DRUIDES - Club de Patinage Adultes de Paris\",\"isPartOf\":{\"@id\":\"http:\/\/cpaparis.org\/#website\"},\"primaryImageOfPage\":{\"@id\":\"http:\/\/cpaparis.org\/?p=1029#primaryimage\"},\"image\":{\"@id\":\"http:\/\/cpaparis.org\/?p=1029#primaryimage\"},\"thumbnailUrl\":\"http:\/\/cpaparis.org\/wp-content\/uploads\/2022\/01\/eeea35c7-0121-4f78-a520-b0a1241288b9-768x1024.jpg\",\"datePublished\":\"2022-01-24T22:22:54+00:00\",\"dateModified\":\"2024-10-16T17:05:37+00:00\",\"breadcrumb\":{\"@id\":\"http:\/\/cpaparis.org\/?p=1029#breadcrumb\"},\"inLanguage\":\"fr-FR\",\"potentialAction\":[{\"@type\":\"ReadAction\",\"target\":[\"http:\/\/cpaparis.org\/?p=1029\"]}]},{\"@type\":\"ImageObject\",\"inLanguage\":\"fr-FR\",\"@id\":\"http:\/\/cpaparis.org\/?p=1029#primaryimage\",\"url\":\"http:\/\/cpaparis.org\/wp-content\/uploads\/2022\/01\/eeea35c7-0121-4f78-a520-b0a1241288b9.jpg\",\"contentUrl\":\"http:\/\/cpaparis.org\/wp-content\/uploads\/2022\/01\/eeea35c7-0121-4f78-a520-b0a1241288b9.jpg\",\"width\":810,\"height\":1080},{\"@type\":\"BreadcrumbList\",\"@id\":\"http:\/\/cpaparis.org\/?p=1029#breadcrumb\",\"itemListElement\":[{\"@type\":\"ListItem\",\"position\":1,\"name\":\"Accueil\",\"item\":\"http:\/\/cpaparis.org\/\"},{\"@type\":\"ListItem\",\"position\":2,\"name\":\"LE CPAP A PRIS LA 4\u00e8me PLACE SUR 13, DU CLASSEMENT INTERCLUB AU COURS DE LA 34\u00e8me COUPE DES DRUIDES\"}]},{\"@type\":\"WebSite\",\"@id\":\"http:\/\/cpaparis.org\/#website\",\"url\":\"http:\/\/cpaparis.org\/\",\"name\":\"Club de Patinage Adultes de Paris\",\"description\":\"Labellis\u00e9 \u00e9cole de glace par la F\u00e9d\u00e9ration Fran\u00e7aise des Sports de Glace\",\"publisher\":{\"@id\":\"http:\/\/cpaparis.org\/#organization\"},\"potentialAction\":[{\"@type\":\"SearchAction\",\"target\":{\"@type\":\"EntryPoint\",\"urlTemplate\":\"http:\/\/cpaparis.org\/?s={search_term_string}\"},\"query-input\":{\"@type\":\"PropertyValueSpecification\",\"valueRequired\":true,\"valueName\":\"search_term_string\"}}],\"inLanguage\":\"fr-FR\"},{\"@type\":\"Organization\",\"@id\":\"http:\/\/cpaparis.org\/#organization\",\"name\":\"Club de Patinage Adultes de Paris\",\"url\":\"http:\/\/cpaparis.org\/\",\"logo\":{\"@type\":\"ImageObject\",\"inLanguage\":\"fr-FR\",\"@id\":\"http:\/\/cpaparis.org\/#\/schema\/logo\/image\/\",\"url\":\"http:\/\/cpaparis.org\/wp-content\/uploads\/2019\/10\/cpap-transparent.png\",\"contentUrl\":\"http:\/\/cpaparis.org\/wp-content\/uploads\/2019\/10\/cpap-transparent.png\",\"width\":99,\"height\":48,\"caption\":\"Club de Patinage Adultes de Paris\"},\"image\":{\"@id\":\"http:\/\/cpaparis.org\/#\/schema\/logo\/image\/\"}},{\"@type\":\"Person\",\"@id\":\"http:\/\/cpaparis.org\/#\/schema\/person\/62c1da48b57b5ccb3841b94ea68c2f51\",\"name\":\"Th\u00e9r\u00e8se Guinot\",\"image\":{\"@type\":\"ImageObject\",\"inLanguage\":\"fr-FR\",\"@id\":\"http:\/\/cpaparis.org\/#\/schema\/person\/image\/\",\"url\":\"https:\/\/secure.gravatar.com\/avatar\/86b7fd44ceff5acc696230b758c49ece6b826cd6f313972915244e3868690127?s=96&d=mm&r=g\",\"contentUrl\":\"https:\/\/secure.gravatar.com\/avatar\/86b7fd44ceff5acc696230b758c49ece6b826cd6f313972915244e3868690127?s=96&d=mm&r=g\",\"caption\":\"Th\u00e9r\u00e8se Guinot\"},\"url\":\"http:\/\/cpaparis.org\/?author=11\"}]}<\/script>\n<!-- \/ Yoast SEO plugin. -->","yoast_head_json":{"title":"LE CPAP A PRIS LA 4\u00e8me PLACE SUR 13, DU CLASSEMENT INTERCLUB AU COURS DE LA 34\u00e8me COUPE DES DRUIDES - Club de Patinage Adultes de Paris","robots":{"index":"index","follow":"follow","max-snippet":"max-snippet:-1","max-image-preview":"max-image-preview:large","max-video-preview":"max-video-preview:-1"},"canonical":"http:\/\/cpaparis.org\/?p=1029","og_locale":"fr_FR","og_type":"article","og_title":"LE CPAP A PRIS LA 4\u00e8me PLACE SUR 13, DU CLASSEMENT INTERCLUB AU COURS DE LA 34\u00e8me COUPE DES DRUIDES - Club de Patinage Adultes de Paris","og_description":"Premi\u00e8re \u00e9tape \u00e0 ne pas manquer&nbsp;: les retrouvailles le vendredi soir \u00e0 l\u2019h\u00f4tel. Je me souviens avoir salu\u00e9 joyeusement l\u2019\u00e9quipage interloqu\u00e9 d\u2019une voiture dont les 4 portes se sont ouvertes en m\u00eame temps \u00e0 peine arriv\u00e9e sur le parking. On Lire plus ...","og_url":"http:\/\/cpaparis.org\/?p=1029","og_site_name":"Club de Patinage Adultes de Paris","article_published_time":"2022-01-24T22:22:54+00:00","article_modified_time":"2024-10-16T17:05:37+00:00","og_image":[{"url":"http:\/\/cpaparis.org\/wp-content\/uploads\/2022\/01\/eeea35c7-0121-4f78-a520-b0a1241288b9-768x1024.jpg","type":"","width":"","height":""}],"author":"Th\u00e9r\u00e8se Guinot","twitter_card":"summary_large_image","twitter_misc":{"\u00c9crit par":"Th\u00e9r\u00e8se Guinot","Dur\u00e9e de lecture estim\u00e9e":"7 minutes"},"schema":{"@context":"https:\/\/schema.org","@graph":[{"@type":"Article","@id":"http:\/\/cpaparis.org\/?p=1029#article","isPartOf":{"@id":"http:\/\/cpaparis.org\/?p=1029"},"author":{"name":"Th\u00e9r\u00e8se Guinot","@id":"http:\/\/cpaparis.org\/#\/schema\/person\/62c1da48b57b5ccb3841b94ea68c2f51"},"headline":"LE CPAP A PRIS LA 4\u00e8me PLACE SUR 13, DU CLASSEMENT INTERCLUB AU COURS DE LA 34\u00e8me COUPE DES DRUIDES","datePublished":"2022-01-24T22:22:54+00:00","dateModified":"2024-10-16T17:05:37+00:00","mainEntityOfPage":{"@id":"http:\/\/cpaparis.org\/?p=1029"},"wordCount":1397,"publisher":{"@id":"http:\/\/cpaparis.org\/#organization"},"image":{"@id":"http:\/\/cpaparis.org\/?p=1029#primaryimage"},"thumbnailUrl":"http:\/\/cpaparis.org\/wp-content\/uploads\/2022\/01\/eeea35c7-0121-4f78-a520-b0a1241288b9-768x1024.jpg","keywords":["Competition"],"articleSection":["Comp\u00e9titions"],"inLanguage":"fr-FR"},{"@type":"WebPage","@id":"http:\/\/cpaparis.org\/?p=1029","url":"http:\/\/cpaparis.org\/?p=1029","name":"LE CPAP A PRIS LA 4\u00e8me PLACE SUR 13, DU CLASSEMENT INTERCLUB AU COURS DE LA 34\u00e8me COUPE DES DRUIDES - Club de Patinage Adultes de Paris","isPartOf":{"@id":"http:\/\/cpaparis.org\/#website"},"primaryImageOfPage":{"@id":"http:\/\/cpaparis.org\/?p=1029#primaryimage"},"image":{"@id":"http:\/\/cpaparis.org\/?p=1029#primaryimage"},"thumbnailUrl":"http:\/\/cpaparis.org\/wp-content\/uploads\/2022\/01\/eeea35c7-0121-4f78-a520-b0a1241288b9-768x1024.jpg","datePublished":"2022-01-24T22:22:54+00:00","dateModified":"2024-10-16T17:05:37+00:00","breadcrumb":{"@id":"http:\/\/cpaparis.org\/?p=1029#breadcrumb"},"inLanguage":"fr-FR","potentialAction":[{"@type":"ReadAction","target":["http:\/\/cpaparis.org\/?p=1029"]}]},{"@type":"ImageObject","inLanguage":"fr-FR","@id":"http:\/\/cpaparis.org\/?p=1029#primaryimage","url":"http:\/\/cpaparis.org\/wp-content\/uploads\/2022\/01\/eeea35c7-0121-4f78-a520-b0a1241288b9.jpg","contentUrl":"http:\/\/cpaparis.org\/wp-content\/uploads\/2022\/01\/eeea35c7-0121-4f78-a520-b0a1241288b9.jpg","width":810,"height":1080},{"@type":"BreadcrumbList","@id":"http:\/\/cpaparis.org\/?p=1029#breadcrumb","itemListElement":[{"@type":"ListItem","position":1,"name":"Accueil","item":"http:\/\/cpaparis.org\/"},{"@type":"ListItem","position":2,"name":"LE CPAP A PRIS LA 4\u00e8me PLACE SUR 13, DU CLASSEMENT INTERCLUB AU COURS DE LA 34\u00e8me COUPE DES DRUIDES"}]},{"@type":"WebSite","@id":"http:\/\/cpaparis.org\/#website","url":"http:\/\/cpaparis.org\/","name":"Club de Patinage Adultes de Paris","description":"Labellis\u00e9 \u00e9cole de glace par la F\u00e9d\u00e9ration Fran\u00e7aise des Sports de Glace","publisher":{"@id":"http:\/\/cpaparis.org\/#organization"},"potentialAction":[{"@type":"SearchAction","target":{"@type":"EntryPoint","urlTemplate":"http:\/\/cpaparis.org\/?s={search_term_string}"},"query-input":{"@type":"PropertyValueSpecification","valueRequired":true,"valueName":"search_term_string"}}],"inLanguage":"fr-FR"},{"@type":"Organization","@id":"http:\/\/cpaparis.org\/#organization","name":"Club de Patinage Adultes de Paris","url":"http:\/\/cpaparis.org\/","logo":{"@type":"ImageObject","inLanguage":"fr-FR","@id":"http:\/\/cpaparis.org\/#\/schema\/logo\/image\/","url":"http:\/\/cpaparis.org\/wp-content\/uploads\/2019\/10\/cpap-transparent.png","contentUrl":"http:\/\/cpaparis.org\/wp-content\/uploads\/2019\/10\/cpap-transparent.png","width":99,"height":48,"caption":"Club de Patinage Adultes de Paris"},"image":{"@id":"http:\/\/cpaparis.org\/#\/schema\/logo\/image\/"}},{"@type":"Person","@id":"http:\/\/cpaparis.org\/#\/schema\/person\/62c1da48b57b5ccb3841b94ea68c2f51","name":"Th\u00e9r\u00e8se Guinot","image":{"@type":"ImageObject","inLanguage":"fr-FR","@id":"http:\/\/cpaparis.org\/#\/schema\/person\/image\/","url":"https:\/\/secure.gravatar.com\/avatar\/86b7fd44ceff5acc696230b758c49ece6b826cd6f313972915244e3868690127?s=96&d=mm&r=g","contentUrl":"https:\/\/secure.gravatar.com\/avatar\/86b7fd44ceff5acc696230b758c49ece6b826cd6f313972915244e3868690127?s=96&d=mm&r=g","caption":"Th\u00e9r\u00e8se Guinot"},"url":"http:\/\/cpaparis.org\/?author=11"}]}},"_links":{"self":[{"href":"http:\/\/cpaparis.org\/index.php?rest_route=\/wp\/v2\/posts\/1029","targetHints":{"allow":["GET"]}}],"collection":[{"href":"http:\/\/cpaparis.org\/index.php?rest_route=\/wp\/v2\/posts"}],"about":[{"href":"http:\/\/cpaparis.org\/index.php?rest_route=\/wp\/v2\/types\/post"}],"author":[{"embeddable":true,"href":"http:\/\/cpaparis.org\/index.php?rest_route=\/wp\/v2\/users\/11"}],"replies":[{"embeddable":true,"href":"http:\/\/cpaparis.org\/index.php?rest_route=%2Fwp%2Fv2%2Fcomments&post=1029"}],"version-history":[{"count":7,"href":"http:\/\/cpaparis.org\/index.php?rest_route=\/wp\/v2\/posts\/1029\/revisions"}],"predecessor-version":[{"id":1038,"href":"http:\/\/cpaparis.org\/index.php?rest_route=\/wp\/v2\/posts\/1029\/revisions\/1038"}],"wp:attachment":[{"href":"http:\/\/cpaparis.org\/index.php?rest_route=%2Fwp%2Fv2%2Fmedia&parent=1029"}],"wp:term":[{"taxonomy":"category","embeddable":true,"href":"http:\/\/cpaparis.org\/index.php?rest_route=%2Fwp%2Fv2%2Fcategories&post=1029"},{"taxonomy":"post_tag","embeddable":true,"href":"http:\/\/cpaparis.org\/index.php?rest_route=%2Fwp%2Fv2%2Ftags&post=1029"},{"taxonomy":"post_folder","embeddable":true,"href":"http:\/\/cpaparis.org\/index.php?rest_route=%2Fwp%2Fv2%2Fpost_folder&post=1029"}],"curies":[{"name":"wp","href":"https:\/\/api.w.org\/{rel}","templated":true}]}}