{"id":1093,"date":"2022-06-06T11:19:23","date_gmt":"2022-06-06T09:19:23","guid":{"rendered":"http:\/\/cpaparis.org\/?p=1093"},"modified":"2024-10-16T19:04:27","modified_gmt":"2024-10-16T17:04:27","slug":"stage-de-pentecote-5-et-6-juin-2022-rassemblement-adultes","status":"publish","type":"post","link":"http:\/\/cpaparis.org\/?p=1093","title":{"rendered":"Stage de Pentec\u00f4te 5 et 6 juin 2022 &#8211; Rassemblement Adultes"},"content":{"rendered":"\n<figure class=\"wp-block-image size-large\"><img loading=\"lazy\" decoding=\"async\" width=\"1024\" height=\"768\" src=\"http:\/\/cpaparis.org\/wp-content\/uploads\/2022\/06\/A3300015-C97A-42A5-BBE0-DAF43F8FE245-1024x768.jpg\" alt=\"\" class=\"wp-image-1098\" srcset=\"http:\/\/cpaparis.org\/wp-content\/uploads\/2022\/06\/A3300015-C97A-42A5-BBE0-DAF43F8FE245-1024x768.jpg 1024w, http:\/\/cpaparis.org\/wp-content\/uploads\/2022\/06\/A3300015-C97A-42A5-BBE0-DAF43F8FE245-300x225.jpg 300w, http:\/\/cpaparis.org\/wp-content\/uploads\/2022\/06\/A3300015-C97A-42A5-BBE0-DAF43F8FE245-768x576.jpg 768w, http:\/\/cpaparis.org\/wp-content\/uploads\/2022\/06\/A3300015-C97A-42A5-BBE0-DAF43F8FE245-1536x1152.jpg 1536w, http:\/\/cpaparis.org\/wp-content\/uploads\/2022\/06\/A3300015-C97A-42A5-BBE0-DAF43F8FE245-2048x1536.jpg 2048w\" sizes=\"auto, (max-width: 1024px) 100vw, 1024px\" \/><\/figure>\n\n\n\n<figure class=\"wp-block-image size-large\"><img loading=\"lazy\" decoding=\"async\" width=\"1024\" height=\"768\" src=\"http:\/\/cpaparis.org\/wp-content\/uploads\/2022\/06\/3EA18506-1DD8-4D4A-9C39-76FE8D8162ED-1024x768.jpg\" alt=\"\" class=\"wp-image-1095\" srcset=\"http:\/\/cpaparis.org\/wp-content\/uploads\/2022\/06\/3EA18506-1DD8-4D4A-9C39-76FE8D8162ED-1024x768.jpg 1024w, http:\/\/cpaparis.org\/wp-content\/uploads\/2022\/06\/3EA18506-1DD8-4D4A-9C39-76FE8D8162ED-300x225.jpg 300w, http:\/\/cpaparis.org\/wp-content\/uploads\/2022\/06\/3EA18506-1DD8-4D4A-9C39-76FE8D8162ED-768x576.jpg 768w, http:\/\/cpaparis.org\/wp-content\/uploads\/2022\/06\/3EA18506-1DD8-4D4A-9C39-76FE8D8162ED-1536x1152.jpg 1536w, http:\/\/cpaparis.org\/wp-content\/uploads\/2022\/06\/3EA18506-1DD8-4D4A-9C39-76FE8D8162ED-2048x1536.jpg 2048w\" sizes=\"auto, (max-width: 1024px) 100vw, 1024px\" \/><\/figure>\n\n\n\n<p>\u00a0<\/p>\n<table style=\"border-collapse: collapse; width: 100%;\">\n<tbody>\n<tr>\n<td style=\"width: 252.536px;\">\u00a0<\/td>\n<td style=\"width: 252.536px;\">\u00a0<\/td>\n<\/tr>\n<\/tbody>\n<\/table>\n<p>Les patineurs du CPAP se retrouvent cette ann\u00e9e le dimanche 5 et lundi 6 juin pour un stage de Danse sur Glace autour du th\u00e8me des Danses Latines.\u00a0<\/p>\n<p>Au programme: exercices techniques, danses impos\u00e9es (Riverside Rumba, Rumba, Tcha Tcha, Silver Samba&#8230;) sous la houlette de Ludovic Deville.<\/p>\n<p>Pour attaquer la 1\u00e8re s\u00e9ance du dimanche soir \u00e0 la patinoire d&rsquo;Asni\u00e8res, nos patineurs se sont restaur\u00e9s autour d&rsquo;un gouter tr\u00e8s convivial.<\/p>\n<p>\u00a0<\/p>\n<p>\u00a0<\/p>\n\n\n\n<figure class=\"wp-block-image size-large\"><img loading=\"lazy\" decoding=\"async\" width=\"1024\" height=\"768\" src=\"http:\/\/cpaparis.org\/wp-content\/uploads\/2022\/06\/F051D61B-7B63-4896-A122-C85572C5B74A-1024x768.jpg\" alt=\"\" class=\"wp-image-1102\" srcset=\"http:\/\/cpaparis.org\/wp-content\/uploads\/2022\/06\/F051D61B-7B63-4896-A122-C85572C5B74A-1024x768.jpg 1024w, http:\/\/cpaparis.org\/wp-content\/uploads\/2022\/06\/F051D61B-7B63-4896-A122-C85572C5B74A-300x225.jpg 300w, http:\/\/cpaparis.org\/wp-content\/uploads\/2022\/06\/F051D61B-7B63-4896-A122-C85572C5B74A-768x576.jpg 768w, http:\/\/cpaparis.org\/wp-content\/uploads\/2022\/06\/F051D61B-7B63-4896-A122-C85572C5B74A-1536x1152.jpg 1536w, http:\/\/cpaparis.org\/wp-content\/uploads\/2022\/06\/F051D61B-7B63-4896-A122-C85572C5B74A-2048x1536.jpg 2048w\" sizes=\"auto, (max-width: 1024px) 100vw, 1024px\" \/><\/figure>\n\n\n\n<figure class=\"wp-block-image size-large\"><img loading=\"lazy\" decoding=\"async\" width=\"1024\" height=\"768\" src=\"http:\/\/cpaparis.org\/wp-content\/uploads\/2022\/06\/EC2EDE88-5B5C-4576-9593-3B177AFF72E1-1024x768.jpg\" alt=\"\" class=\"wp-image-1100\" srcset=\"http:\/\/cpaparis.org\/wp-content\/uploads\/2022\/06\/EC2EDE88-5B5C-4576-9593-3B177AFF72E1-1024x768.jpg 1024w, http:\/\/cpaparis.org\/wp-content\/uploads\/2022\/06\/EC2EDE88-5B5C-4576-9593-3B177AFF72E1-300x225.jpg 300w, http:\/\/cpaparis.org\/wp-content\/uploads\/2022\/06\/EC2EDE88-5B5C-4576-9593-3B177AFF72E1-768x576.jpg 768w, http:\/\/cpaparis.org\/wp-content\/uploads\/2022\/06\/EC2EDE88-5B5C-4576-9593-3B177AFF72E1-1536x1152.jpg 1536w, http:\/\/cpaparis.org\/wp-content\/uploads\/2022\/06\/EC2EDE88-5B5C-4576-9593-3B177AFF72E1-2048x1536.jpg 2048w\" sizes=\"auto, (max-width: 1024px) 100vw, 1024px\" \/><\/figure>\n\n\n\n<figure class=\"wp-block-image size-large\"><img loading=\"lazy\" decoding=\"async\" width=\"1024\" height=\"768\" src=\"http:\/\/cpaparis.org\/wp-content\/uploads\/2022\/06\/DD0DAA90-6DE7-4399-9F71-A04E255001F7-1024x768.jpg\" alt=\"\" class=\"wp-image-1099\" srcset=\"http:\/\/cpaparis.org\/wp-content\/uploads\/2022\/06\/DD0DAA90-6DE7-4399-9F71-A04E255001F7-1024x768.jpg 1024w, http:\/\/cpaparis.org\/wp-content\/uploads\/2022\/06\/DD0DAA90-6DE7-4399-9F71-A04E255001F7-300x225.jpg 300w, http:\/\/cpaparis.org\/wp-content\/uploads\/2022\/06\/DD0DAA90-6DE7-4399-9F71-A04E255001F7-768x576.jpg 768w, http:\/\/cpaparis.org\/wp-content\/uploads\/2022\/06\/DD0DAA90-6DE7-4399-9F71-A04E255001F7-1536x1152.jpg 1536w, http:\/\/cpaparis.org\/wp-content\/uploads\/2022\/06\/DD0DAA90-6DE7-4399-9F71-A04E255001F7-2048x1536.jpg 2048w\" sizes=\"auto, (max-width: 1024px) 100vw, 1024px\" \/><\/figure>\n\n\n\n<figure class=\"wp-block-image size-large\"><img loading=\"lazy\" decoding=\"async\" width=\"1024\" height=\"768\" src=\"http:\/\/cpaparis.org\/wp-content\/uploads\/2022\/06\/F1FECD56-4B05-48A9-99B6-1986EBA1AA82-1024x768.jpg\" alt=\"\" class=\"wp-image-1101\" srcset=\"http:\/\/cpaparis.org\/wp-content\/uploads\/2022\/06\/F1FECD56-4B05-48A9-99B6-1986EBA1AA82-1024x768.jpg 1024w, http:\/\/cpaparis.org\/wp-content\/uploads\/2022\/06\/F1FECD56-4B05-48A9-99B6-1986EBA1AA82-300x225.jpg 300w, http:\/\/cpaparis.org\/wp-content\/uploads\/2022\/06\/F1FECD56-4B05-48A9-99B6-1986EBA1AA82-768x576.jpg 768w, http:\/\/cpaparis.org\/wp-content\/uploads\/2022\/06\/F1FECD56-4B05-48A9-99B6-1986EBA1AA82-1536x1152.jpg 1536w, http:\/\/cpaparis.org\/wp-content\/uploads\/2022\/06\/F1FECD56-4B05-48A9-99B6-1986EBA1AA82-2048x1536.jpg 2048w\" sizes=\"auto, (max-width: 1024px) 100vw, 1024px\" \/><\/figure>\n","protected":false},"excerpt":{"rendered":"<p>\u00a0 \u00a0 \u00a0 Les patineurs du CPAP se retrouvent cette ann\u00e9e le dimanche 5 et lundi 6 juin pour un stage de Danse sur Glace autour du th\u00e8me des Danses Latines.\u00a0 Au programme: exercices techniques, danses impos\u00e9es (Riverside Rumba, Rumba, <a class=\"more-link\" href=\"http:\/\/cpaparis.org\/?p=1093\">Lire plus &#8230;<\/a><\/p>\n","protected":false},"author":7,"featured_media":0,"comment_status":"closed","ping_status":"open","sticky":false,"template":"","format":"standard","meta":{"footnotes":""},"categories":[5],"tags":[],"post_folder":[],"class_list":["post-1093","post","type-post","status-publish","format-standard","hentry","category-stages"],"yoast_head":"<!-- This site is optimized with the Yoast SEO plugin v26.2 - https:\/\/yoast.com\/wordpress\/plugins\/seo\/ -->\n<title>Stage de Pentec\u00f4te 5 et 6 juin 2022 - Rassemblement Adultes - Club de Patinage Adultes de Paris<\/title>\n<meta name=\"robots\" content=\"index, follow, max-snippet:-1, max-image-preview:large, max-video-preview:-1\" \/>\n<link rel=\"canonical\" href=\"https:\/\/cpaparis.org\/?p=1093\" \/>\n<meta property=\"og:locale\" content=\"fr_FR\" \/>\n<meta property=\"og:type\" content=\"article\" \/>\n<meta property=\"og:title\" content=\"Stage de Pentec\u00f4te 5 et 6 juin 2022 - Rassemblement Adultes - Club de Patinage Adultes de Paris\" \/>\n<meta property=\"og:description\" content=\"\u00a0 \u00a0 \u00a0 Les patineurs du CPAP se retrouvent cette ann\u00e9e le dimanche 5 et lundi 6 juin pour un stage de Danse sur Glace autour du th\u00e8me des Danses Latines.\u00a0 Au programme: exercices techniques, danses impos\u00e9es (Riverside Rumba, Rumba, Lire plus ...\" \/>\n<meta property=\"og:url\" content=\"https:\/\/cpaparis.org\/?p=1093\" \/>\n<meta property=\"og:site_name\" content=\"Club de Patinage Adultes de Paris\" \/>\n<meta property=\"article:published_time\" content=\"2022-06-06T09:19:23+00:00\" \/>\n<meta property=\"article:modified_time\" content=\"2024-10-16T17:04:27+00:00\" \/>\n<meta property=\"og:image\" content=\"http:\/\/cpaparis.org\/wp-content\/uploads\/2022\/06\/A3300015-C97A-42A5-BBE0-DAF43F8FE245-1024x768.jpg\" \/>\n<meta name=\"author\" content=\"Nathalie Rivi\u00e8re\" \/>\n<meta name=\"twitter:card\" content=\"summary_large_image\" \/>\n<meta name=\"twitter:label1\" content=\"\u00c9crit par\" \/>\n\t<meta name=\"twitter:data1\" content=\"Nathalie Rivi\u00e8re\" \/>\n\t<meta name=\"twitter:label2\" content=\"Dur\u00e9e de lecture estim\u00e9e\" \/>\n\t<meta name=\"twitter:data2\" content=\"2 minutes\" \/>\n<script type=\"application\/ld+json\" class=\"yoast-schema-graph\">{\"@context\":\"https:\/\/schema.org\",\"@graph\":[{\"@type\":\"Article\",\"@id\":\"https:\/\/cpaparis.org\/?p=1093#article\",\"isPartOf\":{\"@id\":\"https:\/\/cpaparis.org\/?p=1093\"},\"author\":{\"name\":\"Nathalie Rivi\u00e8re\",\"@id\":\"http:\/\/cpaparis.org\/#\/schema\/person\/c2e33c2b70e61acce89657d2bc53509c\"},\"headline\":\"Stage de Pentec\u00f4te 5 et 6 juin 2022 &#8211; Rassemblement Adultes\",\"datePublished\":\"2022-06-06T09:19:23+00:00\",\"dateModified\":\"2024-10-16T17:04:27+00:00\",\"mainEntityOfPage\":{\"@id\":\"https:\/\/cpaparis.org\/?p=1093\"},\"wordCount\":82,\"publisher\":{\"@id\":\"http:\/\/cpaparis.org\/#organization\"},\"image\":{\"@id\":\"https:\/\/cpaparis.org\/?p=1093#primaryimage\"},\"thumbnailUrl\":\"http:\/\/cpaparis.org\/wp-content\/uploads\/2022\/06\/A3300015-C97A-42A5-BBE0-DAF43F8FE245-1024x768.jpg\",\"articleSection\":[\"Stages\"],\"inLanguage\":\"fr-FR\"},{\"@type\":\"WebPage\",\"@id\":\"https:\/\/cpaparis.org\/?p=1093\",\"url\":\"https:\/\/cpaparis.org\/?p=1093\",\"name\":\"Stage de Pentec\u00f4te 5 et 6 juin 2022 - Rassemblement Adultes - Club de Patinage Adultes de Paris\",\"isPartOf\":{\"@id\":\"http:\/\/cpaparis.org\/#website\"},\"primaryImageOfPage\":{\"@id\":\"https:\/\/cpaparis.org\/?p=1093#primaryimage\"},\"image\":{\"@id\":\"https:\/\/cpaparis.org\/?p=1093#primaryimage\"},\"thumbnailUrl\":\"http:\/\/cpaparis.org\/wp-content\/uploads\/2022\/06\/A3300015-C97A-42A5-BBE0-DAF43F8FE245-1024x768.jpg\",\"datePublished\":\"2022-06-06T09:19:23+00:00\",\"dateModified\":\"2024-10-16T17:04:27+00:00\",\"breadcrumb\":{\"@id\":\"https:\/\/cpaparis.org\/?p=1093#breadcrumb\"},\"inLanguage\":\"fr-FR\",\"potentialAction\":[{\"@type\":\"ReadAction\",\"target\":[\"https:\/\/cpaparis.org\/?p=1093\"]}]},{\"@type\":\"ImageObject\",\"inLanguage\":\"fr-FR\",\"@id\":\"https:\/\/cpaparis.org\/?p=1093#primaryimage\",\"url\":\"http:\/\/cpaparis.org\/wp-content\/uploads\/2022\/06\/A3300015-C97A-42A5-BBE0-DAF43F8FE245-scaled.jpg\",\"contentUrl\":\"http:\/\/cpaparis.org\/wp-content\/uploads\/2022\/06\/A3300015-C97A-42A5-BBE0-DAF43F8FE245-scaled.jpg\",\"width\":2560,\"height\":1920},{\"@type\":\"BreadcrumbList\",\"@id\":\"https:\/\/cpaparis.org\/?p=1093#breadcrumb\",\"itemListElement\":[{\"@type\":\"ListItem\",\"position\":1,\"name\":\"Accueil\",\"item\":\"http:\/\/cpaparis.org\/\"},{\"@type\":\"ListItem\",\"position\":2,\"name\":\"Stage de Pentec\u00f4te 5 et 6 juin 2022 &#8211; Rassemblement Adultes\"}]},{\"@type\":\"WebSite\",\"@id\":\"http:\/\/cpaparis.org\/#website\",\"url\":\"http:\/\/cpaparis.org\/\",\"name\":\"Club de Patinage Adultes de Paris\",\"description\":\"Labellis\u00e9 \u00e9cole de glace par la F\u00e9d\u00e9ration Fran\u00e7aise des Sports de Glace\",\"publisher\":{\"@id\":\"http:\/\/cpaparis.org\/#organization\"},\"potentialAction\":[{\"@type\":\"SearchAction\",\"target\":{\"@type\":\"EntryPoint\",\"urlTemplate\":\"http:\/\/cpaparis.org\/?s={search_term_string}\"},\"query-input\":{\"@type\":\"PropertyValueSpecification\",\"valueRequired\":true,\"valueName\":\"search_term_string\"}}],\"inLanguage\":\"fr-FR\"},{\"@type\":\"Organization\",\"@id\":\"http:\/\/cpaparis.org\/#organization\",\"name\":\"Club de Patinage Adultes de Paris\",\"url\":\"http:\/\/cpaparis.org\/\",\"logo\":{\"@type\":\"ImageObject\",\"inLanguage\":\"fr-FR\",\"@id\":\"http:\/\/cpaparis.org\/#\/schema\/logo\/image\/\",\"url\":\"http:\/\/cpaparis.org\/wp-content\/uploads\/2019\/10\/cpap-transparent.png\",\"contentUrl\":\"http:\/\/cpaparis.org\/wp-content\/uploads\/2019\/10\/cpap-transparent.png\",\"width\":99,\"height\":48,\"caption\":\"Club de Patinage Adultes de Paris\"},\"image\":{\"@id\":\"http:\/\/cpaparis.org\/#\/schema\/logo\/image\/\"}},{\"@type\":\"Person\",\"@id\":\"http:\/\/cpaparis.org\/#\/schema\/person\/c2e33c2b70e61acce89657d2bc53509c\",\"name\":\"Nathalie Rivi\u00e8re\",\"image\":{\"@type\":\"ImageObject\",\"inLanguage\":\"fr-FR\",\"@id\":\"http:\/\/cpaparis.org\/#\/schema\/person\/image\/\",\"url\":\"https:\/\/secure.gravatar.com\/avatar\/94f99a426af0f454d3c0c81a19f2dc4002b9b3d60e0f9388621c5c798ad12f9b?s=96&d=mm&r=g\",\"contentUrl\":\"https:\/\/secure.gravatar.com\/avatar\/94f99a426af0f454d3c0c81a19f2dc4002b9b3d60e0f9388621c5c798ad12f9b?s=96&d=mm&r=g\",\"caption\":\"Nathalie Rivi\u00e8re\"},\"url\":\"http:\/\/cpaparis.org\/?author=7\"}]}<\/script>\n<!-- \/ Yoast SEO plugin. -->","yoast_head_json":{"title":"Stage de Pentec\u00f4te 5 et 6 juin 2022 - Rassemblement Adultes - Club de Patinage Adultes de Paris","robots":{"index":"index","follow":"follow","max-snippet":"max-snippet:-1","max-image-preview":"max-image-preview:large","max-video-preview":"max-video-preview:-1"},"canonical":"https:\/\/cpaparis.org\/?p=1093","og_locale":"fr_FR","og_type":"article","og_title":"Stage de Pentec\u00f4te 5 et 6 juin 2022 - Rassemblement Adultes - Club de Patinage Adultes de Paris","og_description":"\u00a0 \u00a0 \u00a0 Les patineurs du CPAP se retrouvent cette ann\u00e9e le dimanche 5 et lundi 6 juin pour un stage de Danse sur Glace autour du th\u00e8me des Danses Latines.\u00a0 Au programme: exercices techniques, danses impos\u00e9es (Riverside Rumba, Rumba, Lire plus ...","og_url":"https:\/\/cpaparis.org\/?p=1093","og_site_name":"Club de Patinage Adultes de Paris","article_published_time":"2022-06-06T09:19:23+00:00","article_modified_time":"2024-10-16T17:04:27+00:00","og_image":[{"url":"http:\/\/cpaparis.org\/wp-content\/uploads\/2022\/06\/A3300015-C97A-42A5-BBE0-DAF43F8FE245-1024x768.jpg","type":"","width":"","height":""}],"author":"Nathalie Rivi\u00e8re","twitter_card":"summary_large_image","twitter_misc":{"\u00c9crit par":"Nathalie Rivi\u00e8re","Dur\u00e9e de lecture estim\u00e9e":"2 minutes"},"schema":{"@context":"https:\/\/schema.org","@graph":[{"@type":"Article","@id":"https:\/\/cpaparis.org\/?p=1093#article","isPartOf":{"@id":"https:\/\/cpaparis.org\/?p=1093"},"author":{"name":"Nathalie Rivi\u00e8re","@id":"http:\/\/cpaparis.org\/#\/schema\/person\/c2e33c2b70e61acce89657d2bc53509c"},"headline":"Stage de Pentec\u00f4te 5 et 6 juin 2022 &#8211; Rassemblement Adultes","datePublished":"2022-06-06T09:19:23+00:00","dateModified":"2024-10-16T17:04:27+00:00","mainEntityOfPage":{"@id":"https:\/\/cpaparis.org\/?p=1093"},"wordCount":82,"publisher":{"@id":"http:\/\/cpaparis.org\/#organization"},"image":{"@id":"https:\/\/cpaparis.org\/?p=1093#primaryimage"},"thumbnailUrl":"http:\/\/cpaparis.org\/wp-content\/uploads\/2022\/06\/A3300015-C97A-42A5-BBE0-DAF43F8FE245-1024x768.jpg","articleSection":["Stages"],"inLanguage":"fr-FR"},{"@type":"WebPage","@id":"https:\/\/cpaparis.org\/?p=1093","url":"https:\/\/cpaparis.org\/?p=1093","name":"Stage de Pentec\u00f4te 5 et 6 juin 2022 - Rassemblement Adultes - Club de Patinage Adultes de Paris","isPartOf":{"@id":"http:\/\/cpaparis.org\/#website"},"primaryImageOfPage":{"@id":"https:\/\/cpaparis.org\/?p=1093#primaryimage"},"image":{"@id":"https:\/\/cpaparis.org\/?p=1093#primaryimage"},"thumbnailUrl":"http:\/\/cpaparis.org\/wp-content\/uploads\/2022\/06\/A3300015-C97A-42A5-BBE0-DAF43F8FE245-1024x768.jpg","datePublished":"2022-06-06T09:19:23+00:00","dateModified":"2024-10-16T17:04:27+00:00","breadcrumb":{"@id":"https:\/\/cpaparis.org\/?p=1093#breadcrumb"},"inLanguage":"fr-FR","potentialAction":[{"@type":"ReadAction","target":["https:\/\/cpaparis.org\/?p=1093"]}]},{"@type":"ImageObject","inLanguage":"fr-FR","@id":"https:\/\/cpaparis.org\/?p=1093#primaryimage","url":"http:\/\/cpaparis.org\/wp-content\/uploads\/2022\/06\/A3300015-C97A-42A5-BBE0-DAF43F8FE245-scaled.jpg","contentUrl":"http:\/\/cpaparis.org\/wp-content\/uploads\/2022\/06\/A3300015-C97A-42A5-BBE0-DAF43F8FE245-scaled.jpg","width":2560,"height":1920},{"@type":"BreadcrumbList","@id":"https:\/\/cpaparis.org\/?p=1093#breadcrumb","itemListElement":[{"@type":"ListItem","position":1,"name":"Accueil","item":"http:\/\/cpaparis.org\/"},{"@type":"ListItem","position":2,"name":"Stage de Pentec\u00f4te 5 et 6 juin 2022 &#8211; Rassemblement Adultes"}]},{"@type":"WebSite","@id":"http:\/\/cpaparis.org\/#website","url":"http:\/\/cpaparis.org\/","name":"Club de Patinage Adultes de Paris","description":"Labellis\u00e9 \u00e9cole de glace par la F\u00e9d\u00e9ration Fran\u00e7aise des Sports de Glace","publisher":{"@id":"http:\/\/cpaparis.org\/#organization"},"potentialAction":[{"@type":"SearchAction","target":{"@type":"EntryPoint","urlTemplate":"http:\/\/cpaparis.org\/?s={search_term_string}"},"query-input":{"@type":"PropertyValueSpecification","valueRequired":true,"valueName":"search_term_string"}}],"inLanguage":"fr-FR"},{"@type":"Organization","@id":"http:\/\/cpaparis.org\/#organization","name":"Club de Patinage Adultes de Paris","url":"http:\/\/cpaparis.org\/","logo":{"@type":"ImageObject","inLanguage":"fr-FR","@id":"http:\/\/cpaparis.org\/#\/schema\/logo\/image\/","url":"http:\/\/cpaparis.org\/wp-content\/uploads\/2019\/10\/cpap-transparent.png","contentUrl":"http:\/\/cpaparis.org\/wp-content\/uploads\/2019\/10\/cpap-transparent.png","width":99,"height":48,"caption":"Club de Patinage Adultes de Paris"},"image":{"@id":"http:\/\/cpaparis.org\/#\/schema\/logo\/image\/"}},{"@type":"Person","@id":"http:\/\/cpaparis.org\/#\/schema\/person\/c2e33c2b70e61acce89657d2bc53509c","name":"Nathalie Rivi\u00e8re","image":{"@type":"ImageObject","inLanguage":"fr-FR","@id":"http:\/\/cpaparis.org\/#\/schema\/person\/image\/","url":"https:\/\/secure.gravatar.com\/avatar\/94f99a426af0f454d3c0c81a19f2dc4002b9b3d60e0f9388621c5c798ad12f9b?s=96&d=mm&r=g","contentUrl":"https:\/\/secure.gravatar.com\/avatar\/94f99a426af0f454d3c0c81a19f2dc4002b9b3d60e0f9388621c5c798ad12f9b?s=96&d=mm&r=g","caption":"Nathalie Rivi\u00e8re"},"url":"http:\/\/cpaparis.org\/?author=7"}]}},"_links":{"self":[{"href":"http:\/\/cpaparis.org\/index.php?rest_route=\/wp\/v2\/posts\/1093","targetHints":{"allow":["GET"]}}],"collection":[{"href":"http:\/\/cpaparis.org\/index.php?rest_route=\/wp\/v2\/posts"}],"about":[{"href":"http:\/\/cpaparis.org\/index.php?rest_route=\/wp\/v2\/types\/post"}],"author":[{"embeddable":true,"href":"http:\/\/cpaparis.org\/index.php?rest_route=\/wp\/v2\/users\/7"}],"replies":[{"embeddable":true,"href":"http:\/\/cpaparis.org\/index.php?rest_route=%2Fwp%2Fv2%2Fcomments&post=1093"}],"version-history":[{"count":2,"href":"http:\/\/cpaparis.org\/index.php?rest_route=\/wp\/v2\/posts\/1093\/revisions"}],"predecessor-version":[{"id":1103,"href":"http:\/\/cpaparis.org\/index.php?rest_route=\/wp\/v2\/posts\/1093\/revisions\/1103"}],"wp:attachment":[{"href":"http:\/\/cpaparis.org\/index.php?rest_route=%2Fwp%2Fv2%2Fmedia&parent=1093"}],"wp:term":[{"taxonomy":"category","embeddable":true,"href":"http:\/\/cpaparis.org\/index.php?rest_route=%2Fwp%2Fv2%2Fcategories&post=1093"},{"taxonomy":"post_tag","embeddable":true,"href":"http:\/\/cpaparis.org\/index.php?rest_route=%2Fwp%2Fv2%2Ftags&post=1093"},{"taxonomy":"post_folder","embeddable":true,"href":"http:\/\/cpaparis.org\/index.php?rest_route=%2Fwp%2Fv2%2Fpost_folder&post=1093"}],"curies":[{"name":"wp","href":"https:\/\/api.w.org\/{rel}","templated":true}]}}