{"id":1159,"date":"2022-08-27T11:30:32","date_gmt":"2022-08-27T09:30:32","guid":{"rendered":"http:\/\/cpaparis.org\/?p=1159"},"modified":"2024-10-16T18:50:39","modified_gmt":"2024-10-16T16:50:39","slug":"rentree-sportive-active-avec-sentez-vous-sport-et-le-cpap","status":"publish","type":"post","link":"http:\/\/cpaparis.org\/?p=1159","title":{"rendered":"Rentr\u00e9e sportive active avec \u00ab\u00a0Sentez-vous Sport\u00a0\u00bb et le CPAP!"},"content":{"rendered":"\n<p><strong>\u00ab\u00a0Sentez vous Sport\u00a0\u00bb&nbsp; Op\u00e9ration nationale de promotion des activit\u00e9s physiques et sportives pour le plus grand nombre.<\/strong><\/p>\n\n\n\n\n\n<p>En cette rentr\u00e9e de septembre 2022, le CPAP s&rsquo;associe au mouvement \u00ab\u00a0Sentez-vous Sport\u00a0\u00bb en sa 13\u00e8me \u00e9dition. Sous l&rsquo;\u00e9gide de Comit\u00e9 National Olympique et Sportif Fran\u00e7ais, le CPAP vous propose une activit\u00e9 sportive de d\u00e9couverte des Sports de Glace, en particulier la Danse sur Glace, lors d&rsquo;une initiation \u00e0 la glisse, ouverte \u00e0 tous et gratuite, le jeudi <strong>15 septembre de 12H \u00e0 13h<\/strong> \u00e0 la <strong>patinoire d&rsquo;Asni\u00e8res les Courtilles<\/strong>.<\/p>\n<p>Nous vous proposons une activit\u00e9 fun, encadr\u00e9e par des \u00e9ducateurs sportifs sp\u00e9cialis\u00e9s, sur les journ\u00e9es \u00ab\u00a0Entreprises\u00a0\u00bb.<\/p>\n<p>Pr\u00e9venez-nous de votre participation en vous inscrivant \u00e0 info@cpaparis.org.<\/p>\n<p>Le pr\u00eat des patins est assur\u00e9. Pr\u00e9voyez une arriv\u00e9e 10 minutes avant afin d&rsquo;avoir le temps de chausser les patins. Une paire de gants est conseill\u00e9e.<\/p>\n<p>&#8212;&#8212;&#8212;&#8212;&#8212;&#8212;&#8212;&#8212;&#8212;&#8212;&#8212;&#8212;&#8212;&#8212;&#8212;&#8212;&#8212;&#8212;&#8212;&#8212;&#8212;&#8212;&#8212;&#8212;&#8212;&#8212;&#8212;&#8212;&#8212;&#8212;&#8212;&#8212;&#8212;&#8212;<\/p>\n<p>La patinoire des Courtilles est accessible en m\u00e9tro, ligne 13, Arr\u00eat: Asni\u00e8res Gennevilliers Les Courtilles. La patinoire se situe \u00e0 5 min \u00e0 pied du m\u00e9tro. <strong>Privil\u00e9giez l&rsquo;usage des transports en commun.<\/strong><\/p>\n<p>\u00a0<\/p>\n\n\n\n<figure class=\"wp-block-image size-large\"><img loading=\"lazy\" decoding=\"async\" width=\"1024\" height=\"576\" src=\"http:\/\/cpaparis.org\/wp-content\/uploads\/2022\/08\/Sentez-vous-Sport-CPAP-15-sept-1024x576.png\" alt=\"\" class=\"wp-image-1162\" srcset=\"http:\/\/cpaparis.org\/wp-content\/uploads\/2022\/08\/Sentez-vous-Sport-CPAP-15-sept-1024x576.png 1024w, http:\/\/cpaparis.org\/wp-content\/uploads\/2022\/08\/Sentez-vous-Sport-CPAP-15-sept-300x169.png 300w, http:\/\/cpaparis.org\/wp-content\/uploads\/2022\/08\/Sentez-vous-Sport-CPAP-15-sept-768x432.png 768w, http:\/\/cpaparis.org\/wp-content\/uploads\/2022\/08\/Sentez-vous-Sport-CPAP-15-sept-400x225.png 400w, http:\/\/cpaparis.org\/wp-content\/uploads\/2022\/08\/Sentez-vous-Sport-CPAP-15-sept-780x439.png 780w, http:\/\/cpaparis.org\/wp-content\/uploads\/2022\/08\/Sentez-vous-Sport-CPAP-15-sept.png 1322w\" sizes=\"auto, (max-width: 1024px) 100vw, 1024px\" \/><\/figure>\n","protected":false},"excerpt":{"rendered":"<p>\u00ab\u00a0Sentez vous Sport\u00a0\u00bb&nbsp; Op\u00e9ration nationale de promotion des activit\u00e9s physiques et sportives pour le plus grand nombre. En cette rentr\u00e9e de septembre 2022, le CPAP s&rsquo;associe au mouvement \u00ab\u00a0Sentez-vous Sport\u00a0\u00bb en sa 13\u00e8me \u00e9dition. Sous l&rsquo;\u00e9gide de Comit\u00e9 National Olympique <a class=\"more-link\" href=\"http:\/\/cpaparis.org\/?p=1159\">Lire plus &#8230;<\/a><\/p>\n","protected":false},"author":7,"featured_media":0,"comment_status":"closed","ping_status":"open","sticky":false,"template":"","format":"standard","meta":{"footnotes":""},"categories":[9,45],"tags":[22,23],"post_folder":[],"class_list":["post-1159","post","type-post","status-publish","format-standard","hentry","category-evenements","category-sport-sante","tag-patinage","tag-sport-adulte"],"yoast_head":"<!-- This site is optimized with the Yoast SEO plugin v26.2 - https:\/\/yoast.com\/wordpress\/plugins\/seo\/ -->\n<title>Rentr\u00e9e sportive active avec &quot;Sentez-vous Sport&quot; et le CPAP! - Club de Patinage Adultes de Paris<\/title>\n<meta name=\"robots\" content=\"index, follow, max-snippet:-1, max-image-preview:large, max-video-preview:-1\" \/>\n<link rel=\"canonical\" href=\"http:\/\/cpaparis.org\/?p=1159\" \/>\n<meta property=\"og:locale\" content=\"fr_FR\" \/>\n<meta property=\"og:type\" content=\"article\" \/>\n<meta property=\"og:title\" content=\"Rentr\u00e9e sportive active avec &quot;Sentez-vous Sport&quot; et le CPAP! - Club de Patinage Adultes de Paris\" \/>\n<meta property=\"og:description\" content=\"\u00ab\u00a0Sentez vous Sport\u00a0\u00bb&nbsp; Op\u00e9ration nationale de promotion des activit\u00e9s physiques et sportives pour le plus grand nombre. En cette rentr\u00e9e de septembre 2022, le CPAP s&rsquo;associe au mouvement \u00ab\u00a0Sentez-vous Sport\u00a0\u00bb en sa 13\u00e8me \u00e9dition. Sous l&rsquo;\u00e9gide de Comit\u00e9 National Olympique Lire plus ...\" \/>\n<meta property=\"og:url\" content=\"http:\/\/cpaparis.org\/?p=1159\" \/>\n<meta property=\"og:site_name\" content=\"Club de Patinage Adultes de Paris\" \/>\n<meta property=\"article:published_time\" content=\"2022-08-27T09:30:32+00:00\" \/>\n<meta property=\"article:modified_time\" content=\"2024-10-16T16:50:39+00:00\" \/>\n<meta property=\"og:image\" content=\"http:\/\/cpaparis.org\/wp-content\/uploads\/2022\/08\/Sentez-vous-Sport-CPAP-15-sept-1024x576.png\" \/>\n<meta name=\"author\" content=\"Nathalie Rivi\u00e8re\" \/>\n<meta name=\"twitter:card\" content=\"summary_large_image\" \/>\n<meta name=\"twitter:label1\" content=\"\u00c9crit par\" \/>\n\t<meta name=\"twitter:data1\" content=\"Nathalie Rivi\u00e8re\" \/>\n\t<meta name=\"twitter:label2\" content=\"Dur\u00e9e de lecture estim\u00e9e\" \/>\n\t<meta name=\"twitter:data2\" content=\"2 minutes\" \/>\n<script type=\"application\/ld+json\" class=\"yoast-schema-graph\">{\"@context\":\"https:\/\/schema.org\",\"@graph\":[{\"@type\":\"Article\",\"@id\":\"http:\/\/cpaparis.org\/?p=1159#article\",\"isPartOf\":{\"@id\":\"http:\/\/cpaparis.org\/?p=1159\"},\"author\":{\"name\":\"Nathalie Rivi\u00e8re\",\"@id\":\"http:\/\/cpaparis.org\/#\/schema\/person\/c2e33c2b70e61acce89657d2bc53509c\"},\"headline\":\"Rentr\u00e9e sportive active avec \u00ab\u00a0Sentez-vous Sport\u00a0\u00bb et le CPAP!\",\"datePublished\":\"2022-08-27T09:30:32+00:00\",\"dateModified\":\"2024-10-16T16:50:39+00:00\",\"mainEntityOfPage\":{\"@id\":\"http:\/\/cpaparis.org\/?p=1159\"},\"wordCount\":193,\"publisher\":{\"@id\":\"http:\/\/cpaparis.org\/#organization\"},\"image\":{\"@id\":\"http:\/\/cpaparis.org\/?p=1159#primaryimage\"},\"thumbnailUrl\":\"http:\/\/cpaparis.org\/wp-content\/uploads\/2022\/08\/Sentez-vous-Sport-CPAP-15-sept-1024x576.png\",\"keywords\":[\"patinage\",\"sport adulte\"],\"articleSection\":[\"\u00c9v\u00e8nements\",\"Sport Sant\u00e9\"],\"inLanguage\":\"fr-FR\"},{\"@type\":\"WebPage\",\"@id\":\"http:\/\/cpaparis.org\/?p=1159\",\"url\":\"http:\/\/cpaparis.org\/?p=1159\",\"name\":\"Rentr\u00e9e sportive active avec \\\"Sentez-vous Sport\\\" et le CPAP! - Club de Patinage Adultes de Paris\",\"isPartOf\":{\"@id\":\"http:\/\/cpaparis.org\/#website\"},\"primaryImageOfPage\":{\"@id\":\"http:\/\/cpaparis.org\/?p=1159#primaryimage\"},\"image\":{\"@id\":\"http:\/\/cpaparis.org\/?p=1159#primaryimage\"},\"thumbnailUrl\":\"http:\/\/cpaparis.org\/wp-content\/uploads\/2022\/08\/Sentez-vous-Sport-CPAP-15-sept-1024x576.png\",\"datePublished\":\"2022-08-27T09:30:32+00:00\",\"dateModified\":\"2024-10-16T16:50:39+00:00\",\"breadcrumb\":{\"@id\":\"http:\/\/cpaparis.org\/?p=1159#breadcrumb\"},\"inLanguage\":\"fr-FR\",\"potentialAction\":[{\"@type\":\"ReadAction\",\"target\":[\"http:\/\/cpaparis.org\/?p=1159\"]}]},{\"@type\":\"ImageObject\",\"inLanguage\":\"fr-FR\",\"@id\":\"http:\/\/cpaparis.org\/?p=1159#primaryimage\",\"url\":\"http:\/\/cpaparis.org\/wp-content\/uploads\/2022\/08\/Sentez-vous-Sport-CPAP-15-sept.png\",\"contentUrl\":\"http:\/\/cpaparis.org\/wp-content\/uploads\/2022\/08\/Sentez-vous-Sport-CPAP-15-sept.png\",\"width\":1322,\"height\":744},{\"@type\":\"BreadcrumbList\",\"@id\":\"http:\/\/cpaparis.org\/?p=1159#breadcrumb\",\"itemListElement\":[{\"@type\":\"ListItem\",\"position\":1,\"name\":\"Accueil\",\"item\":\"http:\/\/cpaparis.org\/\"},{\"@type\":\"ListItem\",\"position\":2,\"name\":\"Rentr\u00e9e sportive active avec \u00ab\u00a0Sentez-vous Sport\u00a0\u00bb et le CPAP!\"}]},{\"@type\":\"WebSite\",\"@id\":\"http:\/\/cpaparis.org\/#website\",\"url\":\"http:\/\/cpaparis.org\/\",\"name\":\"Club de Patinage Adultes de Paris\",\"description\":\"Labellis\u00e9 \u00e9cole de glace par la F\u00e9d\u00e9ration Fran\u00e7aise des Sports de Glace\",\"publisher\":{\"@id\":\"http:\/\/cpaparis.org\/#organization\"},\"potentialAction\":[{\"@type\":\"SearchAction\",\"target\":{\"@type\":\"EntryPoint\",\"urlTemplate\":\"http:\/\/cpaparis.org\/?s={search_term_string}\"},\"query-input\":{\"@type\":\"PropertyValueSpecification\",\"valueRequired\":true,\"valueName\":\"search_term_string\"}}],\"inLanguage\":\"fr-FR\"},{\"@type\":\"Organization\",\"@id\":\"http:\/\/cpaparis.org\/#organization\",\"name\":\"Club de Patinage Adultes de Paris\",\"url\":\"http:\/\/cpaparis.org\/\",\"logo\":{\"@type\":\"ImageObject\",\"inLanguage\":\"fr-FR\",\"@id\":\"http:\/\/cpaparis.org\/#\/schema\/logo\/image\/\",\"url\":\"http:\/\/cpaparis.org\/wp-content\/uploads\/2019\/10\/cpap-transparent.png\",\"contentUrl\":\"http:\/\/cpaparis.org\/wp-content\/uploads\/2019\/10\/cpap-transparent.png\",\"width\":99,\"height\":48,\"caption\":\"Club de Patinage Adultes de Paris\"},\"image\":{\"@id\":\"http:\/\/cpaparis.org\/#\/schema\/logo\/image\/\"}},{\"@type\":\"Person\",\"@id\":\"http:\/\/cpaparis.org\/#\/schema\/person\/c2e33c2b70e61acce89657d2bc53509c\",\"name\":\"Nathalie Rivi\u00e8re\",\"image\":{\"@type\":\"ImageObject\",\"inLanguage\":\"fr-FR\",\"@id\":\"http:\/\/cpaparis.org\/#\/schema\/person\/image\/\",\"url\":\"https:\/\/secure.gravatar.com\/avatar\/94f99a426af0f454d3c0c81a19f2dc4002b9b3d60e0f9388621c5c798ad12f9b?s=96&d=mm&r=g\",\"contentUrl\":\"https:\/\/secure.gravatar.com\/avatar\/94f99a426af0f454d3c0c81a19f2dc4002b9b3d60e0f9388621c5c798ad12f9b?s=96&d=mm&r=g\",\"caption\":\"Nathalie Rivi\u00e8re\"},\"url\":\"http:\/\/cpaparis.org\/?author=7\"}]}<\/script>\n<!-- \/ Yoast SEO plugin. -->","yoast_head_json":{"title":"Rentr\u00e9e sportive active avec \"Sentez-vous Sport\" et le CPAP! - Club de Patinage Adultes de Paris","robots":{"index":"index","follow":"follow","max-snippet":"max-snippet:-1","max-image-preview":"max-image-preview:large","max-video-preview":"max-video-preview:-1"},"canonical":"http:\/\/cpaparis.org\/?p=1159","og_locale":"fr_FR","og_type":"article","og_title":"Rentr\u00e9e sportive active avec \"Sentez-vous Sport\" et le CPAP! - Club de Patinage Adultes de Paris","og_description":"\u00ab\u00a0Sentez vous Sport\u00a0\u00bb&nbsp; Op\u00e9ration nationale de promotion des activit\u00e9s physiques et sportives pour le plus grand nombre. En cette rentr\u00e9e de septembre 2022, le CPAP s&rsquo;associe au mouvement \u00ab\u00a0Sentez-vous Sport\u00a0\u00bb en sa 13\u00e8me \u00e9dition. Sous l&rsquo;\u00e9gide de Comit\u00e9 National Olympique Lire plus ...","og_url":"http:\/\/cpaparis.org\/?p=1159","og_site_name":"Club de Patinage Adultes de Paris","article_published_time":"2022-08-27T09:30:32+00:00","article_modified_time":"2024-10-16T16:50:39+00:00","og_image":[{"url":"http:\/\/cpaparis.org\/wp-content\/uploads\/2022\/08\/Sentez-vous-Sport-CPAP-15-sept-1024x576.png","type":"","width":"","height":""}],"author":"Nathalie Rivi\u00e8re","twitter_card":"summary_large_image","twitter_misc":{"\u00c9crit par":"Nathalie Rivi\u00e8re","Dur\u00e9e de lecture estim\u00e9e":"2 minutes"},"schema":{"@context":"https:\/\/schema.org","@graph":[{"@type":"Article","@id":"http:\/\/cpaparis.org\/?p=1159#article","isPartOf":{"@id":"http:\/\/cpaparis.org\/?p=1159"},"author":{"name":"Nathalie Rivi\u00e8re","@id":"http:\/\/cpaparis.org\/#\/schema\/person\/c2e33c2b70e61acce89657d2bc53509c"},"headline":"Rentr\u00e9e sportive active avec \u00ab\u00a0Sentez-vous Sport\u00a0\u00bb et le CPAP!","datePublished":"2022-08-27T09:30:32+00:00","dateModified":"2024-10-16T16:50:39+00:00","mainEntityOfPage":{"@id":"http:\/\/cpaparis.org\/?p=1159"},"wordCount":193,"publisher":{"@id":"http:\/\/cpaparis.org\/#organization"},"image":{"@id":"http:\/\/cpaparis.org\/?p=1159#primaryimage"},"thumbnailUrl":"http:\/\/cpaparis.org\/wp-content\/uploads\/2022\/08\/Sentez-vous-Sport-CPAP-15-sept-1024x576.png","keywords":["patinage","sport adulte"],"articleSection":["\u00c9v\u00e8nements","Sport Sant\u00e9"],"inLanguage":"fr-FR"},{"@type":"WebPage","@id":"http:\/\/cpaparis.org\/?p=1159","url":"http:\/\/cpaparis.org\/?p=1159","name":"Rentr\u00e9e sportive active avec \"Sentez-vous Sport\" et le CPAP! - Club de Patinage Adultes de Paris","isPartOf":{"@id":"http:\/\/cpaparis.org\/#website"},"primaryImageOfPage":{"@id":"http:\/\/cpaparis.org\/?p=1159#primaryimage"},"image":{"@id":"http:\/\/cpaparis.org\/?p=1159#primaryimage"},"thumbnailUrl":"http:\/\/cpaparis.org\/wp-content\/uploads\/2022\/08\/Sentez-vous-Sport-CPAP-15-sept-1024x576.png","datePublished":"2022-08-27T09:30:32+00:00","dateModified":"2024-10-16T16:50:39+00:00","breadcrumb":{"@id":"http:\/\/cpaparis.org\/?p=1159#breadcrumb"},"inLanguage":"fr-FR","potentialAction":[{"@type":"ReadAction","target":["http:\/\/cpaparis.org\/?p=1159"]}]},{"@type":"ImageObject","inLanguage":"fr-FR","@id":"http:\/\/cpaparis.org\/?p=1159#primaryimage","url":"http:\/\/cpaparis.org\/wp-content\/uploads\/2022\/08\/Sentez-vous-Sport-CPAP-15-sept.png","contentUrl":"http:\/\/cpaparis.org\/wp-content\/uploads\/2022\/08\/Sentez-vous-Sport-CPAP-15-sept.png","width":1322,"height":744},{"@type":"BreadcrumbList","@id":"http:\/\/cpaparis.org\/?p=1159#breadcrumb","itemListElement":[{"@type":"ListItem","position":1,"name":"Accueil","item":"http:\/\/cpaparis.org\/"},{"@type":"ListItem","position":2,"name":"Rentr\u00e9e sportive active avec \u00ab\u00a0Sentez-vous Sport\u00a0\u00bb et le CPAP!"}]},{"@type":"WebSite","@id":"http:\/\/cpaparis.org\/#website","url":"http:\/\/cpaparis.org\/","name":"Club de Patinage Adultes de Paris","description":"Labellis\u00e9 \u00e9cole de glace par la F\u00e9d\u00e9ration Fran\u00e7aise des Sports de Glace","publisher":{"@id":"http:\/\/cpaparis.org\/#organization"},"potentialAction":[{"@type":"SearchAction","target":{"@type":"EntryPoint","urlTemplate":"http:\/\/cpaparis.org\/?s={search_term_string}"},"query-input":{"@type":"PropertyValueSpecification","valueRequired":true,"valueName":"search_term_string"}}],"inLanguage":"fr-FR"},{"@type":"Organization","@id":"http:\/\/cpaparis.org\/#organization","name":"Club de Patinage Adultes de Paris","url":"http:\/\/cpaparis.org\/","logo":{"@type":"ImageObject","inLanguage":"fr-FR","@id":"http:\/\/cpaparis.org\/#\/schema\/logo\/image\/","url":"http:\/\/cpaparis.org\/wp-content\/uploads\/2019\/10\/cpap-transparent.png","contentUrl":"http:\/\/cpaparis.org\/wp-content\/uploads\/2019\/10\/cpap-transparent.png","width":99,"height":48,"caption":"Club de Patinage Adultes de Paris"},"image":{"@id":"http:\/\/cpaparis.org\/#\/schema\/logo\/image\/"}},{"@type":"Person","@id":"http:\/\/cpaparis.org\/#\/schema\/person\/c2e33c2b70e61acce89657d2bc53509c","name":"Nathalie Rivi\u00e8re","image":{"@type":"ImageObject","inLanguage":"fr-FR","@id":"http:\/\/cpaparis.org\/#\/schema\/person\/image\/","url":"https:\/\/secure.gravatar.com\/avatar\/94f99a426af0f454d3c0c81a19f2dc4002b9b3d60e0f9388621c5c798ad12f9b?s=96&d=mm&r=g","contentUrl":"https:\/\/secure.gravatar.com\/avatar\/94f99a426af0f454d3c0c81a19f2dc4002b9b3d60e0f9388621c5c798ad12f9b?s=96&d=mm&r=g","caption":"Nathalie Rivi\u00e8re"},"url":"http:\/\/cpaparis.org\/?author=7"}]}},"_links":{"self":[{"href":"http:\/\/cpaparis.org\/index.php?rest_route=\/wp\/v2\/posts\/1159","targetHints":{"allow":["GET"]}}],"collection":[{"href":"http:\/\/cpaparis.org\/index.php?rest_route=\/wp\/v2\/posts"}],"about":[{"href":"http:\/\/cpaparis.org\/index.php?rest_route=\/wp\/v2\/types\/post"}],"author":[{"embeddable":true,"href":"http:\/\/cpaparis.org\/index.php?rest_route=\/wp\/v2\/users\/7"}],"replies":[{"embeddable":true,"href":"http:\/\/cpaparis.org\/index.php?rest_route=%2Fwp%2Fv2%2Fcomments&post=1159"}],"version-history":[{"count":3,"href":"http:\/\/cpaparis.org\/index.php?rest_route=\/wp\/v2\/posts\/1159\/revisions"}],"predecessor-version":[{"id":1163,"href":"http:\/\/cpaparis.org\/index.php?rest_route=\/wp\/v2\/posts\/1159\/revisions\/1163"}],"wp:attachment":[{"href":"http:\/\/cpaparis.org\/index.php?rest_route=%2Fwp%2Fv2%2Fmedia&parent=1159"}],"wp:term":[{"taxonomy":"category","embeddable":true,"href":"http:\/\/cpaparis.org\/index.php?rest_route=%2Fwp%2Fv2%2Fcategories&post=1159"},{"taxonomy":"post_tag","embeddable":true,"href":"http:\/\/cpaparis.org\/index.php?rest_route=%2Fwp%2Fv2%2Ftags&post=1159"},{"taxonomy":"post_folder","embeddable":true,"href":"http:\/\/cpaparis.org\/index.php?rest_route=%2Fwp%2Fv2%2Fpost_folder&post=1159"}],"curies":[{"name":"wp","href":"https:\/\/api.w.org\/{rel}","templated":true}]}}