{"id":1198,"date":"2023-01-22T16:05:43","date_gmt":"2023-01-22T15:05:43","guid":{"rendered":"http:\/\/cpaparis.org\/?p=1198"},"modified":"2023-05-14T10:18:44","modified_gmt":"2023-05-14T08:18:44","slug":"la-coupe-des-druides-xveme-edition-cest-le-week-end-prochain-28-29-janvier-2023","status":"publish","type":"post","link":"http:\/\/cpaparis.org\/?p=1198","title":{"rendered":"La Coupe des Druides XXXV\u00e8me \u00e9dition, c&rsquo;est le week-end prochain! (28\/29 janvier 2023)"},"content":{"rendered":"\n\n\n<figure class=\"wp-block-image size-large\"><img loading=\"lazy\" decoding=\"async\" width=\"768\" height=\"1024\" src=\"http:\/\/cpaparis.org\/wp-content\/uploads\/2022\/01\/eeea35c7-0121-4f78-a520-b0a1241288b9-768x1024.jpg\" alt=\"\" class=\"wp-image-1015\" srcset=\"http:\/\/cpaparis.org\/wp-content\/uploads\/2022\/01\/eeea35c7-0121-4f78-a520-b0a1241288b9-768x1024.jpg 768w, http:\/\/cpaparis.org\/wp-content\/uploads\/2022\/01\/eeea35c7-0121-4f78-a520-b0a1241288b9-225x300.jpg 225w, http:\/\/cpaparis.org\/wp-content\/uploads\/2022\/01\/eeea35c7-0121-4f78-a520-b0a1241288b9.jpg 810w\" sizes=\"auto, (max-width: 768px) 100vw, 768px\" \/><\/figure>\n\n\n\n<p>Pour sa <strong>35\u00e8me \u00e9dition<\/strong>, la Coupe des Druides reprend ses quartiers \u00e0 <strong>Toulouse<\/strong> pour notre plus grand bonheur!\u00a0<\/p>\n<p>Cette comp\u00e9tition est une comp\u00e9tition r\u00e9serv\u00e9e au plus de 18 ans.<\/p>\n<p>Pour cette 1\u00e8re comp\u00e9tition Adulte de la saison 2022-2023, 3 comp\u00e9titrices repr\u00e9senteront le CPAP: T<strong>h\u00e9r\u00e8se, Stella et Nathalie<\/strong>. Souhaitons-leur bonne chance!<\/p>\n<p>Cette ann\u00e9e, au vues du succ\u00e8s de cette Coupe, 95 patineurs inscrits, la comp\u00e9tition se d\u00e9roule sur 1 jour et demie.<\/p>\n<p>\u00a0<\/p>\n<p>\u00a0<\/p>\n<p>\u00a0<\/p>\n\n\n\n<figure class=\"wp-block-image size-full\"><img loading=\"lazy\" decoding=\"async\" width=\"480\" height=\"640\" src=\"http:\/\/cpaparis.org\/wp-content\/uploads\/2022\/01\/IMG_1245-rotated.jpg\" alt=\"\" class=\"wp-image-1025\" srcset=\"http:\/\/cpaparis.org\/wp-content\/uploads\/2022\/01\/IMG_1245-rotated.jpg 480w, http:\/\/cpaparis.org\/wp-content\/uploads\/2022\/01\/IMG_1245-225x300.jpg 225w\" sizes=\"auto, (max-width: 480px) 100vw, 480px\" \/><figcaption>Une bonne occasion pour retrouver les copains comp\u00e9titeurs des clubs fran\u00e7ais dans des moments tr\u00e8s conviviaux. Ici sur la place du Capitole apr\u00e8s un bon diner!<\/figcaption><\/figure>\n","protected":false},"excerpt":{"rendered":"<p>Pour sa 35\u00e8me \u00e9dition, la Coupe des Druides reprend ses quartiers \u00e0 Toulouse pour notre plus grand bonheur!\u00a0 Cette comp\u00e9tition est une comp\u00e9tition r\u00e9serv\u00e9e au plus de 18 ans. Pour cette 1\u00e8re comp\u00e9tition Adulte de la saison 2022-2023, 3 comp\u00e9titrices <a class=\"more-link\" href=\"http:\/\/cpaparis.org\/?p=1198\">Lire plus &#8230;<\/a><\/p>\n","protected":false},"author":7,"featured_media":0,"comment_status":"closed","ping_status":"open","sticky":false,"template":"","format":"standard","meta":{"footnotes":""},"categories":[10],"tags":[],"post_folder":[],"class_list":["post-1198","post","type-post","status-publish","format-standard","hentry","category-competitions"],"yoast_head":"<!-- This site is optimized with the Yoast SEO plugin v26.2 - https:\/\/yoast.com\/wordpress\/plugins\/seo\/ -->\n<title>La Coupe des Druides XXXV\u00e8me \u00e9dition, c&#039;est le week-end prochain! (28\/29 janvier 2023) - Club de Patinage Adultes de Paris<\/title>\n<meta name=\"robots\" content=\"index, follow, max-snippet:-1, max-image-preview:large, max-video-preview:-1\" \/>\n<link rel=\"canonical\" href=\"http:\/\/cpaparis.org\/?p=1198\" \/>\n<meta property=\"og:locale\" content=\"fr_FR\" \/>\n<meta property=\"og:type\" content=\"article\" \/>\n<meta property=\"og:title\" content=\"La Coupe des Druides XXXV\u00e8me \u00e9dition, c&#039;est le week-end prochain! (28\/29 janvier 2023) - Club de Patinage Adultes de Paris\" \/>\n<meta property=\"og:description\" content=\"Pour sa 35\u00e8me \u00e9dition, la Coupe des Druides reprend ses quartiers \u00e0 Toulouse pour notre plus grand bonheur!\u00a0 Cette comp\u00e9tition est une comp\u00e9tition r\u00e9serv\u00e9e au plus de 18 ans. Pour cette 1\u00e8re comp\u00e9tition Adulte de la saison 2022-2023, 3 comp\u00e9titrices Lire plus ...\" \/>\n<meta property=\"og:url\" content=\"http:\/\/cpaparis.org\/?p=1198\" \/>\n<meta property=\"og:site_name\" content=\"Club de Patinage Adultes de Paris\" \/>\n<meta property=\"article:published_time\" content=\"2023-01-22T15:05:43+00:00\" \/>\n<meta property=\"article:modified_time\" content=\"2023-05-14T08:18:44+00:00\" \/>\n<meta property=\"og:image\" content=\"http:\/\/cpaparis.org\/wp-content\/uploads\/2022\/01\/eeea35c7-0121-4f78-a520-b0a1241288b9-768x1024.jpg\" \/>\n<meta name=\"author\" content=\"Nathalie Rivi\u00e8re\" \/>\n<meta name=\"twitter:card\" content=\"summary_large_image\" \/>\n<meta name=\"twitter:label1\" content=\"\u00c9crit par\" \/>\n\t<meta name=\"twitter:data1\" content=\"Nathalie Rivi\u00e8re\" \/>\n\t<meta name=\"twitter:label2\" content=\"Dur\u00e9e de lecture estim\u00e9e\" \/>\n\t<meta name=\"twitter:data2\" content=\"1 minute\" \/>\n<script type=\"application\/ld+json\" class=\"yoast-schema-graph\">{\"@context\":\"https:\/\/schema.org\",\"@graph\":[{\"@type\":\"Article\",\"@id\":\"http:\/\/cpaparis.org\/?p=1198#article\",\"isPartOf\":{\"@id\":\"http:\/\/cpaparis.org\/?p=1198\"},\"author\":{\"name\":\"Nathalie Rivi\u00e8re\",\"@id\":\"http:\/\/cpaparis.org\/#\/schema\/person\/c2e33c2b70e61acce89657d2bc53509c\"},\"headline\":\"La Coupe des Druides XXXV\u00e8me \u00e9dition, c&rsquo;est le week-end prochain! (28\/29 janvier 2023)\",\"datePublished\":\"2023-01-22T15:05:43+00:00\",\"dateModified\":\"2023-05-14T08:18:44+00:00\",\"mainEntityOfPage\":{\"@id\":\"http:\/\/cpaparis.org\/?p=1198\"},\"wordCount\":121,\"publisher\":{\"@id\":\"http:\/\/cpaparis.org\/#organization\"},\"image\":{\"@id\":\"http:\/\/cpaparis.org\/?p=1198#primaryimage\"},\"thumbnailUrl\":\"http:\/\/cpaparis.org\/wp-content\/uploads\/2022\/01\/eeea35c7-0121-4f78-a520-b0a1241288b9-768x1024.jpg\",\"articleSection\":[\"Comp\u00e9titions\"],\"inLanguage\":\"fr-FR\"},{\"@type\":\"WebPage\",\"@id\":\"http:\/\/cpaparis.org\/?p=1198\",\"url\":\"http:\/\/cpaparis.org\/?p=1198\",\"name\":\"La Coupe des Druides XXXV\u00e8me \u00e9dition, c'est le week-end prochain! (28\/29 janvier 2023) - Club de Patinage Adultes de Paris\",\"isPartOf\":{\"@id\":\"http:\/\/cpaparis.org\/#website\"},\"primaryImageOfPage\":{\"@id\":\"http:\/\/cpaparis.org\/?p=1198#primaryimage\"},\"image\":{\"@id\":\"http:\/\/cpaparis.org\/?p=1198#primaryimage\"},\"thumbnailUrl\":\"http:\/\/cpaparis.org\/wp-content\/uploads\/2022\/01\/eeea35c7-0121-4f78-a520-b0a1241288b9-768x1024.jpg\",\"datePublished\":\"2023-01-22T15:05:43+00:00\",\"dateModified\":\"2023-05-14T08:18:44+00:00\",\"breadcrumb\":{\"@id\":\"http:\/\/cpaparis.org\/?p=1198#breadcrumb\"},\"inLanguage\":\"fr-FR\",\"potentialAction\":[{\"@type\":\"ReadAction\",\"target\":[\"http:\/\/cpaparis.org\/?p=1198\"]}]},{\"@type\":\"ImageObject\",\"inLanguage\":\"fr-FR\",\"@id\":\"http:\/\/cpaparis.org\/?p=1198#primaryimage\",\"url\":\"http:\/\/cpaparis.org\/wp-content\/uploads\/2022\/01\/eeea35c7-0121-4f78-a520-b0a1241288b9.jpg\",\"contentUrl\":\"http:\/\/cpaparis.org\/wp-content\/uploads\/2022\/01\/eeea35c7-0121-4f78-a520-b0a1241288b9.jpg\",\"width\":810,\"height\":1080},{\"@type\":\"BreadcrumbList\",\"@id\":\"http:\/\/cpaparis.org\/?p=1198#breadcrumb\",\"itemListElement\":[{\"@type\":\"ListItem\",\"position\":1,\"name\":\"Accueil\",\"item\":\"http:\/\/cpaparis.org\/\"},{\"@type\":\"ListItem\",\"position\":2,\"name\":\"La Coupe des Druides XXXV\u00e8me \u00e9dition, c&rsquo;est le week-end prochain! (28\/29 janvier 2023)\"}]},{\"@type\":\"WebSite\",\"@id\":\"http:\/\/cpaparis.org\/#website\",\"url\":\"http:\/\/cpaparis.org\/\",\"name\":\"Club de Patinage Adultes de Paris\",\"description\":\"Labellis\u00e9 \u00e9cole de glace par la F\u00e9d\u00e9ration Fran\u00e7aise des Sports de Glace\",\"publisher\":{\"@id\":\"http:\/\/cpaparis.org\/#organization\"},\"potentialAction\":[{\"@type\":\"SearchAction\",\"target\":{\"@type\":\"EntryPoint\",\"urlTemplate\":\"http:\/\/cpaparis.org\/?s={search_term_string}\"},\"query-input\":{\"@type\":\"PropertyValueSpecification\",\"valueRequired\":true,\"valueName\":\"search_term_string\"}}],\"inLanguage\":\"fr-FR\"},{\"@type\":\"Organization\",\"@id\":\"http:\/\/cpaparis.org\/#organization\",\"name\":\"Club de Patinage Adultes de Paris\",\"url\":\"http:\/\/cpaparis.org\/\",\"logo\":{\"@type\":\"ImageObject\",\"inLanguage\":\"fr-FR\",\"@id\":\"http:\/\/cpaparis.org\/#\/schema\/logo\/image\/\",\"url\":\"http:\/\/cpaparis.org\/wp-content\/uploads\/2019\/10\/cpap-transparent.png\",\"contentUrl\":\"http:\/\/cpaparis.org\/wp-content\/uploads\/2019\/10\/cpap-transparent.png\",\"width\":99,\"height\":48,\"caption\":\"Club de Patinage Adultes de Paris\"},\"image\":{\"@id\":\"http:\/\/cpaparis.org\/#\/schema\/logo\/image\/\"}},{\"@type\":\"Person\",\"@id\":\"http:\/\/cpaparis.org\/#\/schema\/person\/c2e33c2b70e61acce89657d2bc53509c\",\"name\":\"Nathalie Rivi\u00e8re\",\"image\":{\"@type\":\"ImageObject\",\"inLanguage\":\"fr-FR\",\"@id\":\"http:\/\/cpaparis.org\/#\/schema\/person\/image\/\",\"url\":\"https:\/\/secure.gravatar.com\/avatar\/94f99a426af0f454d3c0c81a19f2dc4002b9b3d60e0f9388621c5c798ad12f9b?s=96&d=mm&r=g\",\"contentUrl\":\"https:\/\/secure.gravatar.com\/avatar\/94f99a426af0f454d3c0c81a19f2dc4002b9b3d60e0f9388621c5c798ad12f9b?s=96&d=mm&r=g\",\"caption\":\"Nathalie Rivi\u00e8re\"},\"url\":\"http:\/\/cpaparis.org\/?author=7\"}]}<\/script>\n<!-- \/ Yoast SEO plugin. -->","yoast_head_json":{"title":"La Coupe des Druides XXXV\u00e8me \u00e9dition, c'est le week-end prochain! (28\/29 janvier 2023) - Club de Patinage Adultes de Paris","robots":{"index":"index","follow":"follow","max-snippet":"max-snippet:-1","max-image-preview":"max-image-preview:large","max-video-preview":"max-video-preview:-1"},"canonical":"http:\/\/cpaparis.org\/?p=1198","og_locale":"fr_FR","og_type":"article","og_title":"La Coupe des Druides XXXV\u00e8me \u00e9dition, c'est le week-end prochain! (28\/29 janvier 2023) - Club de Patinage Adultes de Paris","og_description":"Pour sa 35\u00e8me \u00e9dition, la Coupe des Druides reprend ses quartiers \u00e0 Toulouse pour notre plus grand bonheur!\u00a0 Cette comp\u00e9tition est une comp\u00e9tition r\u00e9serv\u00e9e au plus de 18 ans. Pour cette 1\u00e8re comp\u00e9tition Adulte de la saison 2022-2023, 3 comp\u00e9titrices Lire plus ...","og_url":"http:\/\/cpaparis.org\/?p=1198","og_site_name":"Club de Patinage Adultes de Paris","article_published_time":"2023-01-22T15:05:43+00:00","article_modified_time":"2023-05-14T08:18:44+00:00","og_image":[{"url":"http:\/\/cpaparis.org\/wp-content\/uploads\/2022\/01\/eeea35c7-0121-4f78-a520-b0a1241288b9-768x1024.jpg","type":"","width":"","height":""}],"author":"Nathalie Rivi\u00e8re","twitter_card":"summary_large_image","twitter_misc":{"\u00c9crit par":"Nathalie Rivi\u00e8re","Dur\u00e9e de lecture estim\u00e9e":"1 minute"},"schema":{"@context":"https:\/\/schema.org","@graph":[{"@type":"Article","@id":"http:\/\/cpaparis.org\/?p=1198#article","isPartOf":{"@id":"http:\/\/cpaparis.org\/?p=1198"},"author":{"name":"Nathalie Rivi\u00e8re","@id":"http:\/\/cpaparis.org\/#\/schema\/person\/c2e33c2b70e61acce89657d2bc53509c"},"headline":"La Coupe des Druides XXXV\u00e8me \u00e9dition, c&rsquo;est le week-end prochain! (28\/29 janvier 2023)","datePublished":"2023-01-22T15:05:43+00:00","dateModified":"2023-05-14T08:18:44+00:00","mainEntityOfPage":{"@id":"http:\/\/cpaparis.org\/?p=1198"},"wordCount":121,"publisher":{"@id":"http:\/\/cpaparis.org\/#organization"},"image":{"@id":"http:\/\/cpaparis.org\/?p=1198#primaryimage"},"thumbnailUrl":"http:\/\/cpaparis.org\/wp-content\/uploads\/2022\/01\/eeea35c7-0121-4f78-a520-b0a1241288b9-768x1024.jpg","articleSection":["Comp\u00e9titions"],"inLanguage":"fr-FR"},{"@type":"WebPage","@id":"http:\/\/cpaparis.org\/?p=1198","url":"http:\/\/cpaparis.org\/?p=1198","name":"La Coupe des Druides XXXV\u00e8me \u00e9dition, c'est le week-end prochain! (28\/29 janvier 2023) - Club de Patinage Adultes de Paris","isPartOf":{"@id":"http:\/\/cpaparis.org\/#website"},"primaryImageOfPage":{"@id":"http:\/\/cpaparis.org\/?p=1198#primaryimage"},"image":{"@id":"http:\/\/cpaparis.org\/?p=1198#primaryimage"},"thumbnailUrl":"http:\/\/cpaparis.org\/wp-content\/uploads\/2022\/01\/eeea35c7-0121-4f78-a520-b0a1241288b9-768x1024.jpg","datePublished":"2023-01-22T15:05:43+00:00","dateModified":"2023-05-14T08:18:44+00:00","breadcrumb":{"@id":"http:\/\/cpaparis.org\/?p=1198#breadcrumb"},"inLanguage":"fr-FR","potentialAction":[{"@type":"ReadAction","target":["http:\/\/cpaparis.org\/?p=1198"]}]},{"@type":"ImageObject","inLanguage":"fr-FR","@id":"http:\/\/cpaparis.org\/?p=1198#primaryimage","url":"http:\/\/cpaparis.org\/wp-content\/uploads\/2022\/01\/eeea35c7-0121-4f78-a520-b0a1241288b9.jpg","contentUrl":"http:\/\/cpaparis.org\/wp-content\/uploads\/2022\/01\/eeea35c7-0121-4f78-a520-b0a1241288b9.jpg","width":810,"height":1080},{"@type":"BreadcrumbList","@id":"http:\/\/cpaparis.org\/?p=1198#breadcrumb","itemListElement":[{"@type":"ListItem","position":1,"name":"Accueil","item":"http:\/\/cpaparis.org\/"},{"@type":"ListItem","position":2,"name":"La Coupe des Druides XXXV\u00e8me \u00e9dition, c&rsquo;est le week-end prochain! (28\/29 janvier 2023)"}]},{"@type":"WebSite","@id":"http:\/\/cpaparis.org\/#website","url":"http:\/\/cpaparis.org\/","name":"Club de Patinage Adultes de Paris","description":"Labellis\u00e9 \u00e9cole de glace par la F\u00e9d\u00e9ration Fran\u00e7aise des Sports de Glace","publisher":{"@id":"http:\/\/cpaparis.org\/#organization"},"potentialAction":[{"@type":"SearchAction","target":{"@type":"EntryPoint","urlTemplate":"http:\/\/cpaparis.org\/?s={search_term_string}"},"query-input":{"@type":"PropertyValueSpecification","valueRequired":true,"valueName":"search_term_string"}}],"inLanguage":"fr-FR"},{"@type":"Organization","@id":"http:\/\/cpaparis.org\/#organization","name":"Club de Patinage Adultes de Paris","url":"http:\/\/cpaparis.org\/","logo":{"@type":"ImageObject","inLanguage":"fr-FR","@id":"http:\/\/cpaparis.org\/#\/schema\/logo\/image\/","url":"http:\/\/cpaparis.org\/wp-content\/uploads\/2019\/10\/cpap-transparent.png","contentUrl":"http:\/\/cpaparis.org\/wp-content\/uploads\/2019\/10\/cpap-transparent.png","width":99,"height":48,"caption":"Club de Patinage Adultes de Paris"},"image":{"@id":"http:\/\/cpaparis.org\/#\/schema\/logo\/image\/"}},{"@type":"Person","@id":"http:\/\/cpaparis.org\/#\/schema\/person\/c2e33c2b70e61acce89657d2bc53509c","name":"Nathalie Rivi\u00e8re","image":{"@type":"ImageObject","inLanguage":"fr-FR","@id":"http:\/\/cpaparis.org\/#\/schema\/person\/image\/","url":"https:\/\/secure.gravatar.com\/avatar\/94f99a426af0f454d3c0c81a19f2dc4002b9b3d60e0f9388621c5c798ad12f9b?s=96&d=mm&r=g","contentUrl":"https:\/\/secure.gravatar.com\/avatar\/94f99a426af0f454d3c0c81a19f2dc4002b9b3d60e0f9388621c5c798ad12f9b?s=96&d=mm&r=g","caption":"Nathalie Rivi\u00e8re"},"url":"http:\/\/cpaparis.org\/?author=7"}]}},"_links":{"self":[{"href":"http:\/\/cpaparis.org\/index.php?rest_route=\/wp\/v2\/posts\/1198","targetHints":{"allow":["GET"]}}],"collection":[{"href":"http:\/\/cpaparis.org\/index.php?rest_route=\/wp\/v2\/posts"}],"about":[{"href":"http:\/\/cpaparis.org\/index.php?rest_route=\/wp\/v2\/types\/post"}],"author":[{"embeddable":true,"href":"http:\/\/cpaparis.org\/index.php?rest_route=\/wp\/v2\/users\/7"}],"replies":[{"embeddable":true,"href":"http:\/\/cpaparis.org\/index.php?rest_route=%2Fwp%2Fv2%2Fcomments&post=1198"}],"version-history":[{"count":3,"href":"http:\/\/cpaparis.org\/index.php?rest_route=\/wp\/v2\/posts\/1198\/revisions"}],"predecessor-version":[{"id":1220,"href":"http:\/\/cpaparis.org\/index.php?rest_route=\/wp\/v2\/posts\/1198\/revisions\/1220"}],"wp:attachment":[{"href":"http:\/\/cpaparis.org\/index.php?rest_route=%2Fwp%2Fv2%2Fmedia&parent=1198"}],"wp:term":[{"taxonomy":"category","embeddable":true,"href":"http:\/\/cpaparis.org\/index.php?rest_route=%2Fwp%2Fv2%2Fcategories&post=1198"},{"taxonomy":"post_tag","embeddable":true,"href":"http:\/\/cpaparis.org\/index.php?rest_route=%2Fwp%2Fv2%2Ftags&post=1198"},{"taxonomy":"post_folder","embeddable":true,"href":"http:\/\/cpaparis.org\/index.php?rest_route=%2Fwp%2Fv2%2Fpost_folder&post=1198"}],"curies":[{"name":"wp","href":"https:\/\/api.w.org\/{rel}","templated":true}]}}