{"id":1384,"date":"2023-11-10T16:06:46","date_gmt":"2023-11-10T15:06:46","guid":{"rendered":"http:\/\/cpaparis.org\/?p=1384"},"modified":"2024-10-16T18:41:47","modified_gmt":"2024-10-16T16:41:47","slug":"gala-des-80ans","status":"publish","type":"post","link":"http:\/\/cpaparis.org\/?p=1384","title":{"rendered":"Gala des 80ans"},"content":{"rendered":"\n<p><\/p>\n\n\n\n<p>Un retour en arri\u00e8re pour faire connaitre aux nouveaux adh\u00e9rents les moments de joie et de plaisir de se retrouver sur la glace.<br><strong>Et n&rsquo;oublions pas que les 90ans approchent.<\/strong><\/p>\n\n\n<div class=\"wp-block-image\">\n<figure class=\"aligncenter size-full is-resized\"><img loading=\"lazy\" decoding=\"async\" width=\"561\" height=\"794\" src=\"http:\/\/cpaparis.org\/wp-content\/uploads\/2023\/11\/CPAP-Programme-80-ans-Programme-complet-UNE-et-DOS-V3.0.jpg\" alt=\"\" class=\"wp-image-1388\" style=\"width:281px;height:auto\" srcset=\"http:\/\/cpaparis.org\/wp-content\/uploads\/2023\/11\/CPAP-Programme-80-ans-Programme-complet-UNE-et-DOS-V3.0.jpg 561w, http:\/\/cpaparis.org\/wp-content\/uploads\/2023\/11\/CPAP-Programme-80-ans-Programme-complet-UNE-et-DOS-V3.0-212x300.jpg 212w\" sizes=\"auto, (max-width: 561px) 100vw, 561px\" \/><\/figure><\/div>\n\n\n<p>En Janvier 2017 <strong><span style=\"color: #cc99ff;\">Le club de Patinage pour Adultes de Paris<\/span><\/strong> a pr\u00e9sent\u00e9 un gala pour f\u00eater ses 80 ans. Le th\u00e8me retenu \u00e9tait \u00ab\u00a0<strong>Le tour du monde en 80ans<\/strong>\u00a0\u00bb pour illustrer \u00e0 l&rsquo;aide de diff\u00e9rents tableaux, ce que pouvait \u00eatre le patinage dans chacun des pays travers\u00e9s.<\/p>\n<p>Certaines vid\u00e9os sont disponibles\u00a0 <a href=\"http:\/\/cpaparis.org\/?page_id=1366(ouvre un nouvel onglet)\" target=\"_blank\" rel=\"noopener\" data-wplink-url-error=\"true\">ici<\/a> et d&rsquo;autres seront rajout\u00e9es progressivement.<br \/>Le programme complet de la soir\u00e9e se trouve <a href=\"http:\/\/cpaparis.org\/?attachment_id=1392\" target=\"_blank\" rel=\"noopener\">Ici<\/a>.<\/p>\n\n\n\n<p><img loading=\"lazy\" decoding=\"async\" class=\"wp-image-1386 aligncenter\" src=\"http:\/\/cpaparis.org\/wp-content\/uploads\/2023\/11\/CPAP-Programme-80-ans-Programme-complet-V3.0-1.jpg\" alt=\"\" width=\"446\" height=\"619\" srcset=\"http:\/\/cpaparis.org\/wp-content\/uploads\/2023\/11\/CPAP-Programme-80-ans-Programme-complet-V3.0-1.jpg 599w, http:\/\/cpaparis.org\/wp-content\/uploads\/2023\/11\/CPAP-Programme-80-ans-Programme-complet-V3.0-1-216x300.jpg 216w\" sizes=\"auto, (max-width: 446px) 100vw, 446px\" \/><\/p>\n","protected":false},"excerpt":{"rendered":"<p>Un retour en arri\u00e8re pour faire connaitre aux nouveaux adh\u00e9rents les moments de joie et de plaisir de se retrouver sur la glace.Et n&rsquo;oublions pas que les 90ans approchent. En Janvier 2017 Le club de Patinage pour Adultes de Paris <a class=\"more-link\" href=\"http:\/\/cpaparis.org\/?p=1384\">Lire plus &#8230;<\/a><\/p>\n","protected":false},"author":3,"featured_media":0,"comment_status":"closed","ping_status":"open","sticky":false,"template":"","format":"standard","meta":{"footnotes":""},"categories":[9],"tags":[],"post_folder":[],"class_list":["post-1384","post","type-post","status-publish","format-standard","hentry","category-evenements"],"yoast_head":"<!-- This site is optimized with the Yoast SEO plugin v26.2 - https:\/\/yoast.com\/wordpress\/plugins\/seo\/ -->\n<title>Gala des 80ans - Club de Patinage Adultes de Paris<\/title>\n<meta name=\"robots\" content=\"index, follow, max-snippet:-1, max-image-preview:large, max-video-preview:-1\" \/>\n<link rel=\"canonical\" href=\"https:\/\/cpaparis.org\/?p=1384\" \/>\n<meta property=\"og:locale\" content=\"fr_FR\" \/>\n<meta property=\"og:type\" content=\"article\" \/>\n<meta property=\"og:title\" content=\"Gala des 80ans - Club de Patinage Adultes de Paris\" \/>\n<meta property=\"og:description\" content=\"Un retour en arri\u00e8re pour faire connaitre aux nouveaux adh\u00e9rents les moments de joie et de plaisir de se retrouver sur la glace.Et n&rsquo;oublions pas que les 90ans approchent. En Janvier 2017 Le club de Patinage pour Adultes de Paris Lire plus ...\" \/>\n<meta property=\"og:url\" content=\"https:\/\/cpaparis.org\/?p=1384\" \/>\n<meta property=\"og:site_name\" content=\"Club de Patinage Adultes de Paris\" \/>\n<meta property=\"article:published_time\" content=\"2023-11-10T15:06:46+00:00\" \/>\n<meta property=\"article:modified_time\" content=\"2024-10-16T16:41:47+00:00\" \/>\n<meta property=\"og:image\" content=\"http:\/\/cpaparis.org\/wp-content\/uploads\/2023\/11\/CPAP-Programme-80-ans-Programme-complet-UNE-et-DOS-V3.0.jpg\" \/>\n<meta name=\"author\" content=\"Antoine Temime\" \/>\n<meta name=\"twitter:card\" content=\"summary_large_image\" \/>\n<meta name=\"twitter:label1\" content=\"\u00c9crit par\" \/>\n\t<meta name=\"twitter:data1\" content=\"Antoine Temime\" \/>\n\t<meta name=\"twitter:label2\" content=\"Dur\u00e9e de lecture estim\u00e9e\" \/>\n\t<meta name=\"twitter:data2\" content=\"1 minute\" \/>\n<script type=\"application\/ld+json\" class=\"yoast-schema-graph\">{\"@context\":\"https:\/\/schema.org\",\"@graph\":[{\"@type\":\"Article\",\"@id\":\"https:\/\/cpaparis.org\/?p=1384#article\",\"isPartOf\":{\"@id\":\"https:\/\/cpaparis.org\/?p=1384\"},\"author\":{\"name\":\"Antoine Temime\",\"@id\":\"http:\/\/cpaparis.org\/#\/schema\/person\/0d26657581631eb434d3fb58444edbca\"},\"headline\":\"Gala des 80ans\",\"datePublished\":\"2023-11-10T15:06:46+00:00\",\"dateModified\":\"2024-10-16T16:41:47+00:00\",\"mainEntityOfPage\":{\"@id\":\"https:\/\/cpaparis.org\/?p=1384\"},\"wordCount\":107,\"publisher\":{\"@id\":\"http:\/\/cpaparis.org\/#organization\"},\"image\":{\"@id\":\"https:\/\/cpaparis.org\/?p=1384#primaryimage\"},\"thumbnailUrl\":\"http:\/\/cpaparis.org\/wp-content\/uploads\/2023\/11\/CPAP-Programme-80-ans-Programme-complet-UNE-et-DOS-V3.0.jpg\",\"articleSection\":[\"\u00c9v\u00e8nements\"],\"inLanguage\":\"fr-FR\"},{\"@type\":\"WebPage\",\"@id\":\"https:\/\/cpaparis.org\/?p=1384\",\"url\":\"https:\/\/cpaparis.org\/?p=1384\",\"name\":\"Gala des 80ans - Club de Patinage Adultes de Paris\",\"isPartOf\":{\"@id\":\"http:\/\/cpaparis.org\/#website\"},\"primaryImageOfPage\":{\"@id\":\"https:\/\/cpaparis.org\/?p=1384#primaryimage\"},\"image\":{\"@id\":\"https:\/\/cpaparis.org\/?p=1384#primaryimage\"},\"thumbnailUrl\":\"http:\/\/cpaparis.org\/wp-content\/uploads\/2023\/11\/CPAP-Programme-80-ans-Programme-complet-UNE-et-DOS-V3.0.jpg\",\"datePublished\":\"2023-11-10T15:06:46+00:00\",\"dateModified\":\"2024-10-16T16:41:47+00:00\",\"breadcrumb\":{\"@id\":\"https:\/\/cpaparis.org\/?p=1384#breadcrumb\"},\"inLanguage\":\"fr-FR\",\"potentialAction\":[{\"@type\":\"ReadAction\",\"target\":[\"https:\/\/cpaparis.org\/?p=1384\"]}]},{\"@type\":\"ImageObject\",\"inLanguage\":\"fr-FR\",\"@id\":\"https:\/\/cpaparis.org\/?p=1384#primaryimage\",\"url\":\"http:\/\/cpaparis.org\/wp-content\/uploads\/2023\/11\/CPAP-Programme-80-ans-Programme-complet-UNE-et-DOS-V3.0.jpg\",\"contentUrl\":\"http:\/\/cpaparis.org\/wp-content\/uploads\/2023\/11\/CPAP-Programme-80-ans-Programme-complet-UNE-et-DOS-V3.0.jpg\",\"width\":561,\"height\":794},{\"@type\":\"BreadcrumbList\",\"@id\":\"https:\/\/cpaparis.org\/?p=1384#breadcrumb\",\"itemListElement\":[{\"@type\":\"ListItem\",\"position\":1,\"name\":\"Accueil\",\"item\":\"http:\/\/cpaparis.org\/\"},{\"@type\":\"ListItem\",\"position\":2,\"name\":\"Gala des 80ans\"}]},{\"@type\":\"WebSite\",\"@id\":\"http:\/\/cpaparis.org\/#website\",\"url\":\"http:\/\/cpaparis.org\/\",\"name\":\"Club de Patinage Adultes de Paris\",\"description\":\"Labellis\u00e9 \u00e9cole de glace par la F\u00e9d\u00e9ration Fran\u00e7aise des Sports de Glace\",\"publisher\":{\"@id\":\"http:\/\/cpaparis.org\/#organization\"},\"potentialAction\":[{\"@type\":\"SearchAction\",\"target\":{\"@type\":\"EntryPoint\",\"urlTemplate\":\"http:\/\/cpaparis.org\/?s={search_term_string}\"},\"query-input\":{\"@type\":\"PropertyValueSpecification\",\"valueRequired\":true,\"valueName\":\"search_term_string\"}}],\"inLanguage\":\"fr-FR\"},{\"@type\":\"Organization\",\"@id\":\"http:\/\/cpaparis.org\/#organization\",\"name\":\"Club de Patinage Adultes de Paris\",\"url\":\"http:\/\/cpaparis.org\/\",\"logo\":{\"@type\":\"ImageObject\",\"inLanguage\":\"fr-FR\",\"@id\":\"http:\/\/cpaparis.org\/#\/schema\/logo\/image\/\",\"url\":\"http:\/\/cpaparis.org\/wp-content\/uploads\/2019\/10\/cpap-transparent.png\",\"contentUrl\":\"http:\/\/cpaparis.org\/wp-content\/uploads\/2019\/10\/cpap-transparent.png\",\"width\":99,\"height\":48,\"caption\":\"Club de Patinage Adultes de Paris\"},\"image\":{\"@id\":\"http:\/\/cpaparis.org\/#\/schema\/logo\/image\/\"}},{\"@type\":\"Person\",\"@id\":\"http:\/\/cpaparis.org\/#\/schema\/person\/0d26657581631eb434d3fb58444edbca\",\"name\":\"Antoine Temime\",\"image\":{\"@type\":\"ImageObject\",\"inLanguage\":\"fr-FR\",\"@id\":\"http:\/\/cpaparis.org\/#\/schema\/person\/image\/\",\"url\":\"http:\/\/cpaparis.org\/wp-content\/uploads\/2024\/09\/dmct2k82EEdC-150x150.png\",\"contentUrl\":\"http:\/\/cpaparis.org\/wp-content\/uploads\/2024\/09\/dmct2k82EEdC-150x150.png\",\"caption\":\"Antoine Temime\"},\"url\":\"http:\/\/cpaparis.org\/?author=3\"}]}<\/script>\n<!-- \/ Yoast SEO plugin. -->","yoast_head_json":{"title":"Gala des 80ans - Club de Patinage Adultes de Paris","robots":{"index":"index","follow":"follow","max-snippet":"max-snippet:-1","max-image-preview":"max-image-preview:large","max-video-preview":"max-video-preview:-1"},"canonical":"https:\/\/cpaparis.org\/?p=1384","og_locale":"fr_FR","og_type":"article","og_title":"Gala des 80ans - Club de Patinage Adultes de Paris","og_description":"Un retour en arri\u00e8re pour faire connaitre aux nouveaux adh\u00e9rents les moments de joie et de plaisir de se retrouver sur la glace.Et n&rsquo;oublions pas que les 90ans approchent. En Janvier 2017 Le club de Patinage pour Adultes de Paris Lire plus ...","og_url":"https:\/\/cpaparis.org\/?p=1384","og_site_name":"Club de Patinage Adultes de Paris","article_published_time":"2023-11-10T15:06:46+00:00","article_modified_time":"2024-10-16T16:41:47+00:00","og_image":[{"url":"http:\/\/cpaparis.org\/wp-content\/uploads\/2023\/11\/CPAP-Programme-80-ans-Programme-complet-UNE-et-DOS-V3.0.jpg","type":"","width":"","height":""}],"author":"Antoine Temime","twitter_card":"summary_large_image","twitter_misc":{"\u00c9crit par":"Antoine Temime","Dur\u00e9e de lecture estim\u00e9e":"1 minute"},"schema":{"@context":"https:\/\/schema.org","@graph":[{"@type":"Article","@id":"https:\/\/cpaparis.org\/?p=1384#article","isPartOf":{"@id":"https:\/\/cpaparis.org\/?p=1384"},"author":{"name":"Antoine Temime","@id":"http:\/\/cpaparis.org\/#\/schema\/person\/0d26657581631eb434d3fb58444edbca"},"headline":"Gala des 80ans","datePublished":"2023-11-10T15:06:46+00:00","dateModified":"2024-10-16T16:41:47+00:00","mainEntityOfPage":{"@id":"https:\/\/cpaparis.org\/?p=1384"},"wordCount":107,"publisher":{"@id":"http:\/\/cpaparis.org\/#organization"},"image":{"@id":"https:\/\/cpaparis.org\/?p=1384#primaryimage"},"thumbnailUrl":"http:\/\/cpaparis.org\/wp-content\/uploads\/2023\/11\/CPAP-Programme-80-ans-Programme-complet-UNE-et-DOS-V3.0.jpg","articleSection":["\u00c9v\u00e8nements"],"inLanguage":"fr-FR"},{"@type":"WebPage","@id":"https:\/\/cpaparis.org\/?p=1384","url":"https:\/\/cpaparis.org\/?p=1384","name":"Gala des 80ans - Club de Patinage Adultes de Paris","isPartOf":{"@id":"http:\/\/cpaparis.org\/#website"},"primaryImageOfPage":{"@id":"https:\/\/cpaparis.org\/?p=1384#primaryimage"},"image":{"@id":"https:\/\/cpaparis.org\/?p=1384#primaryimage"},"thumbnailUrl":"http:\/\/cpaparis.org\/wp-content\/uploads\/2023\/11\/CPAP-Programme-80-ans-Programme-complet-UNE-et-DOS-V3.0.jpg","datePublished":"2023-11-10T15:06:46+00:00","dateModified":"2024-10-16T16:41:47+00:00","breadcrumb":{"@id":"https:\/\/cpaparis.org\/?p=1384#breadcrumb"},"inLanguage":"fr-FR","potentialAction":[{"@type":"ReadAction","target":["https:\/\/cpaparis.org\/?p=1384"]}]},{"@type":"ImageObject","inLanguage":"fr-FR","@id":"https:\/\/cpaparis.org\/?p=1384#primaryimage","url":"http:\/\/cpaparis.org\/wp-content\/uploads\/2023\/11\/CPAP-Programme-80-ans-Programme-complet-UNE-et-DOS-V3.0.jpg","contentUrl":"http:\/\/cpaparis.org\/wp-content\/uploads\/2023\/11\/CPAP-Programme-80-ans-Programme-complet-UNE-et-DOS-V3.0.jpg","width":561,"height":794},{"@type":"BreadcrumbList","@id":"https:\/\/cpaparis.org\/?p=1384#breadcrumb","itemListElement":[{"@type":"ListItem","position":1,"name":"Accueil","item":"http:\/\/cpaparis.org\/"},{"@type":"ListItem","position":2,"name":"Gala des 80ans"}]},{"@type":"WebSite","@id":"http:\/\/cpaparis.org\/#website","url":"http:\/\/cpaparis.org\/","name":"Club de Patinage Adultes de Paris","description":"Labellis\u00e9 \u00e9cole de glace par la F\u00e9d\u00e9ration Fran\u00e7aise des Sports de Glace","publisher":{"@id":"http:\/\/cpaparis.org\/#organization"},"potentialAction":[{"@type":"SearchAction","target":{"@type":"EntryPoint","urlTemplate":"http:\/\/cpaparis.org\/?s={search_term_string}"},"query-input":{"@type":"PropertyValueSpecification","valueRequired":true,"valueName":"search_term_string"}}],"inLanguage":"fr-FR"},{"@type":"Organization","@id":"http:\/\/cpaparis.org\/#organization","name":"Club de Patinage Adultes de Paris","url":"http:\/\/cpaparis.org\/","logo":{"@type":"ImageObject","inLanguage":"fr-FR","@id":"http:\/\/cpaparis.org\/#\/schema\/logo\/image\/","url":"http:\/\/cpaparis.org\/wp-content\/uploads\/2019\/10\/cpap-transparent.png","contentUrl":"http:\/\/cpaparis.org\/wp-content\/uploads\/2019\/10\/cpap-transparent.png","width":99,"height":48,"caption":"Club de Patinage Adultes de Paris"},"image":{"@id":"http:\/\/cpaparis.org\/#\/schema\/logo\/image\/"}},{"@type":"Person","@id":"http:\/\/cpaparis.org\/#\/schema\/person\/0d26657581631eb434d3fb58444edbca","name":"Antoine Temime","image":{"@type":"ImageObject","inLanguage":"fr-FR","@id":"http:\/\/cpaparis.org\/#\/schema\/person\/image\/","url":"http:\/\/cpaparis.org\/wp-content\/uploads\/2024\/09\/dmct2k82EEdC-150x150.png","contentUrl":"http:\/\/cpaparis.org\/wp-content\/uploads\/2024\/09\/dmct2k82EEdC-150x150.png","caption":"Antoine Temime"},"url":"http:\/\/cpaparis.org\/?author=3"}]}},"_links":{"self":[{"href":"http:\/\/cpaparis.org\/index.php?rest_route=\/wp\/v2\/posts\/1384","targetHints":{"allow":["GET"]}}],"collection":[{"href":"http:\/\/cpaparis.org\/index.php?rest_route=\/wp\/v2\/posts"}],"about":[{"href":"http:\/\/cpaparis.org\/index.php?rest_route=\/wp\/v2\/types\/post"}],"author":[{"embeddable":true,"href":"http:\/\/cpaparis.org\/index.php?rest_route=\/wp\/v2\/users\/3"}],"replies":[{"embeddable":true,"href":"http:\/\/cpaparis.org\/index.php?rest_route=%2Fwp%2Fv2%2Fcomments&post=1384"}],"version-history":[{"count":8,"href":"http:\/\/cpaparis.org\/index.php?rest_route=\/wp\/v2\/posts\/1384\/revisions"}],"predecessor-version":[{"id":1444,"href":"http:\/\/cpaparis.org\/index.php?rest_route=\/wp\/v2\/posts\/1384\/revisions\/1444"}],"wp:attachment":[{"href":"http:\/\/cpaparis.org\/index.php?rest_route=%2Fwp%2Fv2%2Fmedia&parent=1384"}],"wp:term":[{"taxonomy":"category","embeddable":true,"href":"http:\/\/cpaparis.org\/index.php?rest_route=%2Fwp%2Fv2%2Fcategories&post=1384"},{"taxonomy":"post_tag","embeddable":true,"href":"http:\/\/cpaparis.org\/index.php?rest_route=%2Fwp%2Fv2%2Ftags&post=1384"},{"taxonomy":"post_folder","embeddable":true,"href":"http:\/\/cpaparis.org\/index.php?rest_route=%2Fwp%2Fv2%2Fpost_folder&post=1384"}],"curies":[{"name":"wp","href":"https:\/\/api.w.org\/{rel}","templated":true}]}}