{"id":1833,"date":"2025-02-24T17:09:32","date_gmt":"2025-02-24T16:09:32","guid":{"rendered":"http:\/\/cpaparis.org\/?p=1833"},"modified":"2025-04-14T08:56:41","modified_gmt":"2025-04-14T06:56:41","slug":"holiday-on-ice-2025","status":"publish","type":"post","link":"http:\/\/cpaparis.org\/?p=1833","title":{"rendered":"Holiday On Ice 2025"},"content":{"rendered":"\n<p><em>Quand la pr\u00e9sidente du Club, Nathalie, a lanc\u00e9 le recrutement de sa troupe pour repr\u00e9senter une nouvelle fois le CPAP sur la glace de Holiday on Ice, on n\u2019y croyait pas ! Nous avons \u00e9t\u00e9 9 patineurs licenci\u00e9s du club \u00e0 r\u00e9pondre pr\u00e9sents -dont Sandrine cette fois- pour participer au spectacle No Limits, le 21 f\u00e9vrier 2025.<\/em><\/p>\n\n\n\n<figure class=\"wp-block-image size-large\"><img loading=\"lazy\" decoding=\"async\" width=\"1024\" height=\"446\" src=\"http:\/\/cpaparis.org\/wp-content\/uploads\/2025\/02\/img1-1024x446.jpg\" alt=\"\" class=\"wp-image-1834\" srcset=\"http:\/\/cpaparis.org\/wp-content\/uploads\/2025\/02\/img1-1024x446.jpg 1024w, http:\/\/cpaparis.org\/wp-content\/uploads\/2025\/02\/img1-300x131.jpg 300w, http:\/\/cpaparis.org\/wp-content\/uploads\/2025\/02\/img1-768x334.jpg 768w, http:\/\/cpaparis.org\/wp-content\/uploads\/2025\/02\/img1-1536x668.jpg 1536w, http:\/\/cpaparis.org\/wp-content\/uploads\/2025\/02\/img1.jpg 1790w\" sizes=\"auto, (max-width: 1024px) 100vw, 1024px\" \/><\/figure>\n\n\n\n<ol>\n<li><strong>Les pr\u00e9paratifs du show<\/strong><\/li>\n<\/ol>\n<p>Nathalie a confi\u00e9 le projet \u00e0 Kh\u00e9liane qui s\u2019est imm\u00e9diatement mobilis\u00e9e. Pour la musique, Quentin a choisi parmi le r\u00e9pertoire d\u2019Edith Piaf et de Patrick Bruel. Gr\u00e2ce \u00e0 la bienveillance des patineurs du club, nous avons pu d\u00e9multiplier nos 4 s\u00e9ances d\u2019entra\u00eenement en 8, sur un fond de piste du dimanche au soir, la seconde heure. Le cr\u00e9neau &#8211;<em>tant convoit\u00e9<\/em>&#8211; du dimanche matin 7h30 &#8211; 9h a naturellement \u00e9t\u00e9 mobilis\u00e9.<\/p>\n<p>Je suis toujours impressionn\u00e9e par la capacit\u00e9 des chor\u00e9graphes \u00e0 identifier les \u00e9l\u00e9ments permettant d\u2019interpr\u00e9ter de la musique, en cr\u00e9ant un ensemble de mouvements coh\u00e9rents \u00e0 la fois techniques et esth\u00e9tiques. &nbsp;Nous sommes partis du sch\u00e9ma d\u2019une valse am\u00e9ricaine en couple (si, si les trois balanc\u00e9s), auxquels ont \u00e9t\u00e9 ajout\u00e9s de grands mouvements gracieux sur un rythme de blues, avant de terminer sur une reprise endiabl\u00e9e de la valse, en un collectif de balanc\u00e9s (tr\u00e8s visuel). C\u2019est vivant et \u00e7a bouge !<br>Quentin nous a rappel\u00e9 que nous \u00e9tions des danseurs et qu\u2019il \u00e9tait temps de le montrer avec \u00ab&nbsp;des-mouvements-qui-vont-jusqu\u2019au-bout&nbsp;\u00bb, et de belles jambes libres !<br>Pour \u00e9viter toute pol\u00e9mique, l\u2019\u00e9quipe de direction a pris en charge la gestion des costumes, sans rien nous dire jusqu\u2019\u00e0 la r\u00e9p\u00e9tition g\u00e9n\u00e9rale .Un dimanche matin, chacun a d\u00e9couvert un paquet \u00e0 son nom o\u00f9 \u00e9tait r\u00e9unis&nbsp;: son costume \u00e0 sa taille (corsage blanc, jupe jaune \u00e9vas\u00e9e et foulard gris pour les femmes, pantalon gris et chemise blanche pour les hommes) et ses accessoires (gants \u00e0 leds, et bretelles, montre \u00e0 gousset et n\u0153ud pap pour les hommes).<br>Le dernier entrainement a \u00e9t\u00e9 assur\u00e9 par Carole, l\u2019ind\u00e9tr\u00f4nable capitaine des lut\u00e9ciens. On a beaucoup r\u00e9p\u00e9t\u00e9 en musique. Carole nous a pr\u00e9cis\u00e9 les mots sur lesquels nous devions engager les mouvements pour \u00eatre parfaitement ensemble. Les 2 petits patineurs de 8 et 10 ans du club de Boulogne, &#8211;<em>sans glace depuis la fermeture d\u00e9finitive de leur patinoire<\/em>&#8211; qui allaient se produire le m\u00eame soir que nous \u00e9taient avec nous sur la piste. Et ce n\u2019est qu\u2019au terme de l\u2019entrainement que l\u2019on s\u2019est accord\u00e9es sur la couleur du collant, du rouge \u00e0 l\u00e8vres et sur les paillettes.<\/p>\n\n\n\n<p>Dans la semaine pr\u00e9c\u00e9dent l\u2019\u00e9v\u00e8nement, il a bien fallu une cinquantaine d\u2019\u00e9changes sur le groupe WhatsApp pour convenir de la r\u00e9cup\u00e9ration des places des accompagnants, de l\u2019heure de rendez-vous au Z\u00e9nith Porte de la Villette et du d\u00e9roul\u00e9 de la soir\u00e9e. Nathalie avait d\u00e9j\u00e0 bien avanc\u00e9 le travail avec les organisateurs de HOI. Tout avait d\u2019ailleurs \u00e9t\u00e9 consign\u00e9 dans le FDR. Mais, au fait, \u00ab <em>c\u2019est quoi la FDR&nbsp;?&nbsp; Ben c\u2019est la feuille de route voyons&nbsp;!&nbsp;<\/em>\u00bb. En la d\u00e9couvrant, nous avons \u00e9t\u00e9 surpris de voir qu\u2019\u00e0 c\u00f4t\u00e9 de nos noms figurait aussi nos \u00e2ges \u2026.<\/p>\n\n\n\n<div class=\"wp-block-media-text is-stacked-on-mobile\"><figure class=\"wp-block-media-text__media\"><img loading=\"lazy\" decoding=\"async\" width=\"819\" height=\"614\" src=\"http:\/\/cpaparis.org\/wp-content\/uploads\/2025\/02\/img2.jpg\" alt=\"\" class=\"wp-image-1835 size-full\" srcset=\"http:\/\/cpaparis.org\/wp-content\/uploads\/2025\/02\/img2.jpg 819w, http:\/\/cpaparis.org\/wp-content\/uploads\/2025\/02\/img2-300x225.jpg 300w, http:\/\/cpaparis.org\/wp-content\/uploads\/2025\/02\/img2-768x576.jpg 768w\" sizes=\"auto, (max-width: 819px) 100vw, 819px\" \/><\/figure><div class=\"wp-block-media-text__content\">\n<p>L\u2019\u00e9quipe est arriv\u00e9e \u00e0 l\u2019heure \u00e0 l\u2019entr\u00e9e du Z\u00e9nith. Ca faisait du bien de se retrouver. Une fois au complet, Antoine a contact\u00e9 Jo\u00ebl&nbsp;: l\u2019homme jovial et rassurant de l\u2019ann\u00e9e derni\u00e8re qui nous a conduits jusqu\u2019\u00e0 nos loges. Nous avons aussi retrouv\u00e9 Laila qui a quitt\u00e9 la SNCF pour rejoindre la FFSG. Elle a entrepris un petit reportage sur nous. Pas de temps \u00e0 perdre, notre r\u00e9p\u00e9tition sur glace est pr\u00e9vue \u00e0 17h30.<\/p>\n<\/div><\/div>\n\n\n\n<p><strong>2 Dans les coulisses d\u2019un spectacle de patineurs professionnels<\/strong><\/p>\n<p>Nous entrons dans une grande salle carr\u00e9e sombre surplomb\u00e9e d\u2019un magnifique lustre de cristal &#8211;<em>pratiquement<\/em> <em>le<\/em> <em>m\u00eame que celui de l\u2019op\u00e9ra de Saint P\u00e9tersbourg<\/em>. Un grand escalier m\u00e8ne \u00e0 une mezzanine o\u00f9 quelques patineurs s\u2019\u00e9chauffent chevilles et hanches. En face de nous, l\u2019ombre de plastrons et de casques de romains suspendus \u00e0 un portant, comme une troupe fant\u00f4me qui attend le ma\u00eetre de c\u00e9r\u00e9monie pour s\u2019animer. On entend une musique de Lady Gaga et des applaudissements : la s\u00e9ance de l\u2019apr\u00e8s-midi est toujours en cours&#8230; Ici tout est partie int\u00e9grante du spectacle&nbsp;: la piste est \u00e0 quelques m\u00e8tres. Les jeunes artistes sont concentr\u00e9s, chacun dans le r\u00f4le qu\u2019il doit tenir&nbsp;: les uns remontent les escaliers en tenue encore chauss\u00e9s de leurs patins, pour aller se changer pour le tableau suivant. \u00ab&nbsp;<em>No photo please&nbsp;<\/em>\u00bb nous prient-ils.<\/p>\n<p>Nous prenons place dans le minuscule vestiaire des femmes. Un grand miroir nous renvoie nos visages \u00e9merveill\u00e9s et r\u00e9jouis&nbsp;: parfait pour se maquiller&nbsp;! Nous arrivons tout juste \u00e0 y caser une chaise pour chacune. Chez les hommes, c\u2019est moins serr\u00e9&nbsp;\u00e0 3&nbsp;! \u00ab&nbsp;<em>Comment fais-tu avec les rubans de ton col du chemisier&nbsp;? Deux tours ou un tour autour du cou pour le foulard&nbsp;?<\/em>\u00bb. On se rapproche de Kh\u00e9liane qui nous recommande de faire simple. Le chaperon des Lut\u00e9ciens, Isabelle, trouve des solutions.<\/p>\n\n\n\n<div class=\"wp-block-media-text has-media-on-the-right is-stacked-on-mobile\"><div class=\"wp-block-media-text__content\">\n<p>Nous sommes pris en charge par la chor\u00e9graphe de la troupe d\u00e8s la fin du spectacle, avant le surfa\u00e7age. Elle nous fait contourner la piste, et rentrer par le devant de la salle. Kh\u00e9liane nous envoie ses derni\u00e8res recommandations&nbsp;: \u00ab&nbsp;<em>misez tout sur l\u2019interpr\u00e9tation<\/em>&nbsp;<em>et allumez vos gants et vos bretelles<\/em> \u00bb. On s\u2019\u00e9chauffe sans consigne particuli\u00e8re sur une piste \u00ab&nbsp;granuleuse&nbsp;\u00bb plus large et moins profonde que la surface que nous avions d\u00e9finie pendant nos entra\u00eenements.<\/p>\n<\/div><figure class=\"wp-block-media-text__media\"><img loading=\"lazy\" decoding=\"async\" width=\"654\" height=\"491\" src=\"http:\/\/cpaparis.org\/wp-content\/uploads\/2025\/02\/img3.jpg\" alt=\"\" class=\"wp-image-1836 size-full\" srcset=\"http:\/\/cpaparis.org\/wp-content\/uploads\/2025\/02\/img3.jpg 654w, http:\/\/cpaparis.org\/wp-content\/uploads\/2025\/02\/img3-300x225.jpg 300w\" sizes=\"auto, (max-width: 654px) 100vw, 654px\" \/><\/figure><\/div>\n\n\n\n<p>Mais cette piste-l\u00e0, c\u2019est celle de HOI, alors elle vaut de l\u2019or&nbsp;! On nous met la musique et on s\u2019\u00e9lance (sans engagement pour ne g\u00eaner personne). On recommence une fois \u2026 &nbsp;Mais la chor\u00e9graphe HOI annonce un changement d\u2019ordre de passage avec les petits. Nous sommes pri\u00e9s de nous replier derri\u00e8re le rideau de sc\u00e8ne en attendant la fin de leur r\u00e9p\u00e9tition. On se met d\u2019accord sur l\u2019endroit o\u00f9 patienter, et sur le placement sur piste pour le d\u00e9marrage de notre programme. Il faudra attendre son \u00ab&nbsp;go&nbsp;\u00bb pour investir la piste. <em>\u00ab&nbsp;Do you want to practice a new time&nbsp;?<\/em>\u00bb On ne se fait pas prier ! Tout passe \u00ab&nbsp;cr\u00e8me&nbsp;\u00bb&nbsp;! \u00ab&nbsp;<em>Congratulations, your teams got a good energy. This is a very special moment for you all, have a good time<\/em>\u00bb, nous lance-t-elle !<\/p>\n\n\n\n<div class=\"wp-block-media-text is-stacked-on-mobile\"><figure class=\"wp-block-media-text__media\"><img loading=\"lazy\" decoding=\"async\" width=\"339\" height=\"461\" src=\"http:\/\/cpaparis.org\/wp-content\/uploads\/2025\/02\/img4.jpg\" alt=\"\" class=\"wp-image-1837 size-full\" srcset=\"http:\/\/cpaparis.org\/wp-content\/uploads\/2025\/02\/img4.jpg 339w, http:\/\/cpaparis.org\/wp-content\/uploads\/2025\/02\/img4-221x300.jpg 221w\" sizes=\"auto, (max-width: 339px) 100vw, 339px\" \/><\/figure><div class=\"wp-block-media-text__content\">\n<p>Une fois chang\u00e9s, Kh\u00e9liane nous propose de revoir les derniers points \u00e0 ajuster et de refaire un peu de sol. Il fait vraiment noir, et ca ne glisse pas, donc les placements ne sont pas bons mais nous sommes en musique&nbsp;! L\u00e9ila peaufine son reportage \u2026On se r\u00e9unit autour de Kh\u00e9liane pour lui t\u00e9moigner toute notre reconnaissance. C\u2019est Marie Jos\u00e9e et Antoine les artificiers de la petite surprise. C\u2019est en effet gr\u00e2ce \u00e0 elle que nous vivons ce moment si singulier.<\/p>\n<\/div><\/div>\n\n\n\n<p>Nous d\u00e9ballons notre diner, et l\u2019avalons en devisant gentiment. C\u2019est le moment de faire un peu plus connaissance, et de raconter quelques \u00e9l\u00e9ments de notre parcours professionnel. Mais l\u2019heure de se maquiller et de se changer arrive vite.<\/p>\n\n\n\n<div class=\"wp-block-media-text has-media-on-the-right is-stacked-on-mobile\"><div class=\"wp-block-media-text__content\">\n<p>Notre mini loge est en effervescence&nbsp;: Agn\u00e8s d\u00e9froisse son chemisier avec un appareil \u00e0 vapeur&nbsp;; on refait les n\u0153uds des jupes puis ceux des chemisiers&nbsp;; et on se donne bonne mine avant de souligner notre regard avec l\u2019eye liner, le mascara, on redessine le contour de nos l\u00e8vres, et on termine avec les paillettes aux paupi\u00e8res et dans les cheveux. B\u00e9n\u00e9dicte est pr\u00eate la premi\u00e8re et va transmettre la bonne mine \u00e0 nos cavaliers.<\/p>\n<\/div><figure class=\"wp-block-media-text__media\"><img loading=\"lazy\" decoding=\"async\" width=\"596\" height=\"447\" src=\"http:\/\/cpaparis.org\/wp-content\/uploads\/2025\/02\/img5.jpg\" alt=\"\" class=\"wp-image-1838 size-full\" srcset=\"http:\/\/cpaparis.org\/wp-content\/uploads\/2025\/02\/img5.jpg 596w, http:\/\/cpaparis.org\/wp-content\/uploads\/2025\/02\/img5-300x225.jpg 300w\" sizes=\"auto, (max-width: 596px) 100vw, 596px\" \/><\/figure><\/div>\n\n\n\n<p>Et nous voici pr\u00eats pour le grand moment\u00a0! Atterr\u00e9, Antoine lance un \u00ab\u00a0<em>mais qu\u2019est-ce que je fais ici<\/em>\u00a0?\u00a0\u00bb. \u00ab\u00a0<em>T\u2019inqui\u00e8te, \u00e7a va bien se passer\u00a0!<\/em>\u00a0\u00bb.<br \/>On se pr\u00e9pare le long du rideau noir. On entend le pr\u00e9sentateur \u00e9grener un \u00e0 un nos noms. Clairement. La salle est enthousiaste, et accueille le petit mousquetaire et sa jolie danseuse. La musique des petits finit par s\u2019achever&#8230;. J\u2019entends le \u00ab go \u00bb de la chef de piste. A nous ! On apparait sur la piste arborant notre plus beau sourire. Et \u00e0 la seconde mesure, on engage notre programme aussi bien que pendant les r\u00e9p\u00e9titions. On accroche le rythme pour valser, et on se retrouve sans difficult\u00e9 aux points de rendez-vous. On se sourit, d\u00e9tendus. Les spectateurs applaudissent l\u2019arabesque de Benjamin, et poursuivent pensant notre tour de piste termin\u00e9. Mais il y a notre ligne de balanc\u00e9s, et l\u00e0, c\u2019est \u00e0 nouveau la surprise dans la salle. Cette fois, c\u2019est la fin du programme. On salue ensemble les <br \/>3 c\u00f4t\u00e9s de la piste, agitons la main pour notre dernier au revoir, et sortons de la piste abasourdis par notre r\u00e9alisation.<\/p>\n\n\n\n<div class=\"wp-block-media-text is-stacked-on-mobile\"><figure class=\"wp-block-media-text__media\"><img loading=\"lazy\" decoding=\"async\" width=\"682\" height=\"564\" src=\"http:\/\/cpaparis.org\/wp-content\/uploads\/2025\/02\/img6.jpg\" alt=\"\" class=\"wp-image-1839 size-full\" srcset=\"http:\/\/cpaparis.org\/wp-content\/uploads\/2025\/02\/img6.jpg 682w, http:\/\/cpaparis.org\/wp-content\/uploads\/2025\/02\/img6-300x248.jpg 300w\" sizes=\"auto, (max-width: 682px) 100vw, 682px\" \/><\/figure><div class=\"wp-block-media-text__content\">\n<p>C\u2019\u00e9tait dense et court \u00e0 la fois. On s\u2019est sentis \u00e0 l\u2019aise, m\u00eame si tous les pas et les mouvements n\u2019\u00e9taient pas parfaits. On a v\u00e9cu un moment exceptionnel, tr\u00e8s convivial, conforme aux caract\u00e9ristiques des actions de notre club. Et on se prend \u00e0 r\u00eaver \u00e0 2026 \u2026<\/p>\n<\/div><\/div>\n","protected":false},"excerpt":{"rendered":"<p>Quand la pr\u00e9sidente du Club, Nathalie, a lanc\u00e9 le recrutement de sa troupe pour repr\u00e9senter une nouvelle fois le CPAP sur la glace de Holiday on Ice, on n\u2019y croyait pas ! Nous avons \u00e9t\u00e9 9 patineurs licenci\u00e9s du club <a class=\"more-link\" href=\"http:\/\/cpaparis.org\/?p=1833\">Lire plus &#8230;<\/a><\/p>\n","protected":false},"author":11,"featured_media":0,"comment_status":"closed","ping_status":"open","sticky":false,"template":"","format":"standard","meta":{"footnotes":""},"categories":[9],"tags":[],"post_folder":[],"class_list":["post-1833","post","type-post","status-publish","format-standard","hentry","category-evenements"],"yoast_head":"<!-- This site is optimized with the Yoast SEO plugin v26.2 - https:\/\/yoast.com\/wordpress\/plugins\/seo\/ -->\n<title>Holiday On Ice 2025 - Club de Patinage Adultes de Paris<\/title>\n<meta name=\"robots\" content=\"index, follow, max-snippet:-1, max-image-preview:large, max-video-preview:-1\" \/>\n<link rel=\"canonical\" href=\"http:\/\/cpaparis.org\/?p=1833\" \/>\n<meta property=\"og:locale\" content=\"fr_FR\" \/>\n<meta property=\"og:type\" content=\"article\" \/>\n<meta property=\"og:title\" content=\"Holiday On Ice 2025 - Club de Patinage Adultes de Paris\" \/>\n<meta property=\"og:description\" content=\"Quand la pr\u00e9sidente du Club, Nathalie, a lanc\u00e9 le recrutement de sa troupe pour repr\u00e9senter une nouvelle fois le CPAP sur la glace de Holiday on Ice, on n\u2019y croyait pas ! Nous avons \u00e9t\u00e9 9 patineurs licenci\u00e9s du club Lire plus ...\" \/>\n<meta property=\"og:url\" content=\"http:\/\/cpaparis.org\/?p=1833\" \/>\n<meta property=\"og:site_name\" content=\"Club de Patinage Adultes de Paris\" \/>\n<meta property=\"article:published_time\" content=\"2025-02-24T16:09:32+00:00\" \/>\n<meta property=\"article:modified_time\" content=\"2025-04-14T06:56:41+00:00\" \/>\n<meta property=\"og:image\" content=\"http:\/\/cpaparis.org\/wp-content\/uploads\/2025\/02\/img1-1024x446.jpg\" \/>\n<meta name=\"author\" content=\"Th\u00e9r\u00e8se Guinot\" \/>\n<meta name=\"twitter:card\" content=\"summary_large_image\" \/>\n<meta name=\"twitter:label1\" content=\"\u00c9crit par\" \/>\n\t<meta name=\"twitter:data1\" content=\"Th\u00e9r\u00e8se Guinot\" \/>\n\t<meta name=\"twitter:label2\" content=\"Dur\u00e9e de lecture estim\u00e9e\" \/>\n\t<meta name=\"twitter:data2\" content=\"9 minutes\" \/>\n<script type=\"application\/ld+json\" class=\"yoast-schema-graph\">{\"@context\":\"https:\/\/schema.org\",\"@graph\":[{\"@type\":\"Article\",\"@id\":\"http:\/\/cpaparis.org\/?p=1833#article\",\"isPartOf\":{\"@id\":\"http:\/\/cpaparis.org\/?p=1833\"},\"author\":{\"name\":\"Th\u00e9r\u00e8se Guinot\",\"@id\":\"http:\/\/cpaparis.org\/#\/schema\/person\/62c1da48b57b5ccb3841b94ea68c2f51\"},\"headline\":\"Holiday On Ice 2025\",\"datePublished\":\"2025-02-24T16:09:32+00:00\",\"dateModified\":\"2025-04-14T06:56:41+00:00\",\"mainEntityOfPage\":{\"@id\":\"http:\/\/cpaparis.org\/?p=1833\"},\"wordCount\":1630,\"publisher\":{\"@id\":\"http:\/\/cpaparis.org\/#organization\"},\"image\":{\"@id\":\"http:\/\/cpaparis.org\/?p=1833#primaryimage\"},\"thumbnailUrl\":\"http:\/\/cpaparis.org\/wp-content\/uploads\/2025\/02\/img1-1024x446.jpg\",\"articleSection\":[\"\u00c9v\u00e8nements\"],\"inLanguage\":\"fr-FR\"},{\"@type\":\"WebPage\",\"@id\":\"http:\/\/cpaparis.org\/?p=1833\",\"url\":\"http:\/\/cpaparis.org\/?p=1833\",\"name\":\"Holiday On Ice 2025 - Club de Patinage Adultes de Paris\",\"isPartOf\":{\"@id\":\"http:\/\/cpaparis.org\/#website\"},\"primaryImageOfPage\":{\"@id\":\"http:\/\/cpaparis.org\/?p=1833#primaryimage\"},\"image\":{\"@id\":\"http:\/\/cpaparis.org\/?p=1833#primaryimage\"},\"thumbnailUrl\":\"http:\/\/cpaparis.org\/wp-content\/uploads\/2025\/02\/img1-1024x446.jpg\",\"datePublished\":\"2025-02-24T16:09:32+00:00\",\"dateModified\":\"2025-04-14T06:56:41+00:00\",\"breadcrumb\":{\"@id\":\"http:\/\/cpaparis.org\/?p=1833#breadcrumb\"},\"inLanguage\":\"fr-FR\",\"potentialAction\":[{\"@type\":\"ReadAction\",\"target\":[\"http:\/\/cpaparis.org\/?p=1833\"]}]},{\"@type\":\"ImageObject\",\"inLanguage\":\"fr-FR\",\"@id\":\"http:\/\/cpaparis.org\/?p=1833#primaryimage\",\"url\":\"http:\/\/cpaparis.org\/wp-content\/uploads\/2025\/02\/img1.jpg\",\"contentUrl\":\"http:\/\/cpaparis.org\/wp-content\/uploads\/2025\/02\/img1.jpg\",\"width\":1790,\"height\":779},{\"@type\":\"BreadcrumbList\",\"@id\":\"http:\/\/cpaparis.org\/?p=1833#breadcrumb\",\"itemListElement\":[{\"@type\":\"ListItem\",\"position\":1,\"name\":\"Accueil\",\"item\":\"http:\/\/cpaparis.org\/\"},{\"@type\":\"ListItem\",\"position\":2,\"name\":\"Holiday On Ice 2025\"}]},{\"@type\":\"WebSite\",\"@id\":\"http:\/\/cpaparis.org\/#website\",\"url\":\"http:\/\/cpaparis.org\/\",\"name\":\"Club de Patinage Adultes de Paris\",\"description\":\"Labellis\u00e9 \u00e9cole de glace par la F\u00e9d\u00e9ration Fran\u00e7aise des Sports de Glace\",\"publisher\":{\"@id\":\"http:\/\/cpaparis.org\/#organization\"},\"potentialAction\":[{\"@type\":\"SearchAction\",\"target\":{\"@type\":\"EntryPoint\",\"urlTemplate\":\"http:\/\/cpaparis.org\/?s={search_term_string}\"},\"query-input\":{\"@type\":\"PropertyValueSpecification\",\"valueRequired\":true,\"valueName\":\"search_term_string\"}}],\"inLanguage\":\"fr-FR\"},{\"@type\":\"Organization\",\"@id\":\"http:\/\/cpaparis.org\/#organization\",\"name\":\"Club de Patinage Adultes de Paris\",\"url\":\"http:\/\/cpaparis.org\/\",\"logo\":{\"@type\":\"ImageObject\",\"inLanguage\":\"fr-FR\",\"@id\":\"http:\/\/cpaparis.org\/#\/schema\/logo\/image\/\",\"url\":\"http:\/\/cpaparis.org\/wp-content\/uploads\/2019\/10\/cpap-transparent.png\",\"contentUrl\":\"http:\/\/cpaparis.org\/wp-content\/uploads\/2019\/10\/cpap-transparent.png\",\"width\":99,\"height\":48,\"caption\":\"Club de Patinage Adultes de Paris\"},\"image\":{\"@id\":\"http:\/\/cpaparis.org\/#\/schema\/logo\/image\/\"}},{\"@type\":\"Person\",\"@id\":\"http:\/\/cpaparis.org\/#\/schema\/person\/62c1da48b57b5ccb3841b94ea68c2f51\",\"name\":\"Th\u00e9r\u00e8se Guinot\",\"image\":{\"@type\":\"ImageObject\",\"inLanguage\":\"fr-FR\",\"@id\":\"http:\/\/cpaparis.org\/#\/schema\/person\/image\/\",\"url\":\"https:\/\/secure.gravatar.com\/avatar\/86b7fd44ceff5acc696230b758c49ece6b826cd6f313972915244e3868690127?s=96&d=mm&r=g\",\"contentUrl\":\"https:\/\/secure.gravatar.com\/avatar\/86b7fd44ceff5acc696230b758c49ece6b826cd6f313972915244e3868690127?s=96&d=mm&r=g\",\"caption\":\"Th\u00e9r\u00e8se Guinot\"},\"url\":\"http:\/\/cpaparis.org\/?author=11\"}]}<\/script>\n<!-- \/ Yoast SEO plugin. -->","yoast_head_json":{"title":"Holiday On Ice 2025 - Club de Patinage Adultes de Paris","robots":{"index":"index","follow":"follow","max-snippet":"max-snippet:-1","max-image-preview":"max-image-preview:large","max-video-preview":"max-video-preview:-1"},"canonical":"http:\/\/cpaparis.org\/?p=1833","og_locale":"fr_FR","og_type":"article","og_title":"Holiday On Ice 2025 - Club de Patinage Adultes de Paris","og_description":"Quand la pr\u00e9sidente du Club, Nathalie, a lanc\u00e9 le recrutement de sa troupe pour repr\u00e9senter une nouvelle fois le CPAP sur la glace de Holiday on Ice, on n\u2019y croyait pas ! Nous avons \u00e9t\u00e9 9 patineurs licenci\u00e9s du club Lire plus ...","og_url":"http:\/\/cpaparis.org\/?p=1833","og_site_name":"Club de Patinage Adultes de Paris","article_published_time":"2025-02-24T16:09:32+00:00","article_modified_time":"2025-04-14T06:56:41+00:00","og_image":[{"url":"http:\/\/cpaparis.org\/wp-content\/uploads\/2025\/02\/img1-1024x446.jpg","type":"","width":"","height":""}],"author":"Th\u00e9r\u00e8se Guinot","twitter_card":"summary_large_image","twitter_misc":{"\u00c9crit par":"Th\u00e9r\u00e8se Guinot","Dur\u00e9e de lecture estim\u00e9e":"9 minutes"},"schema":{"@context":"https:\/\/schema.org","@graph":[{"@type":"Article","@id":"http:\/\/cpaparis.org\/?p=1833#article","isPartOf":{"@id":"http:\/\/cpaparis.org\/?p=1833"},"author":{"name":"Th\u00e9r\u00e8se Guinot","@id":"http:\/\/cpaparis.org\/#\/schema\/person\/62c1da48b57b5ccb3841b94ea68c2f51"},"headline":"Holiday On Ice 2025","datePublished":"2025-02-24T16:09:32+00:00","dateModified":"2025-04-14T06:56:41+00:00","mainEntityOfPage":{"@id":"http:\/\/cpaparis.org\/?p=1833"},"wordCount":1630,"publisher":{"@id":"http:\/\/cpaparis.org\/#organization"},"image":{"@id":"http:\/\/cpaparis.org\/?p=1833#primaryimage"},"thumbnailUrl":"http:\/\/cpaparis.org\/wp-content\/uploads\/2025\/02\/img1-1024x446.jpg","articleSection":["\u00c9v\u00e8nements"],"inLanguage":"fr-FR"},{"@type":"WebPage","@id":"http:\/\/cpaparis.org\/?p=1833","url":"http:\/\/cpaparis.org\/?p=1833","name":"Holiday On Ice 2025 - Club de Patinage Adultes de Paris","isPartOf":{"@id":"http:\/\/cpaparis.org\/#website"},"primaryImageOfPage":{"@id":"http:\/\/cpaparis.org\/?p=1833#primaryimage"},"image":{"@id":"http:\/\/cpaparis.org\/?p=1833#primaryimage"},"thumbnailUrl":"http:\/\/cpaparis.org\/wp-content\/uploads\/2025\/02\/img1-1024x446.jpg","datePublished":"2025-02-24T16:09:32+00:00","dateModified":"2025-04-14T06:56:41+00:00","breadcrumb":{"@id":"http:\/\/cpaparis.org\/?p=1833#breadcrumb"},"inLanguage":"fr-FR","potentialAction":[{"@type":"ReadAction","target":["http:\/\/cpaparis.org\/?p=1833"]}]},{"@type":"ImageObject","inLanguage":"fr-FR","@id":"http:\/\/cpaparis.org\/?p=1833#primaryimage","url":"http:\/\/cpaparis.org\/wp-content\/uploads\/2025\/02\/img1.jpg","contentUrl":"http:\/\/cpaparis.org\/wp-content\/uploads\/2025\/02\/img1.jpg","width":1790,"height":779},{"@type":"BreadcrumbList","@id":"http:\/\/cpaparis.org\/?p=1833#breadcrumb","itemListElement":[{"@type":"ListItem","position":1,"name":"Accueil","item":"http:\/\/cpaparis.org\/"},{"@type":"ListItem","position":2,"name":"Holiday On Ice 2025"}]},{"@type":"WebSite","@id":"http:\/\/cpaparis.org\/#website","url":"http:\/\/cpaparis.org\/","name":"Club de Patinage Adultes de Paris","description":"Labellis\u00e9 \u00e9cole de glace par la F\u00e9d\u00e9ration Fran\u00e7aise des Sports de Glace","publisher":{"@id":"http:\/\/cpaparis.org\/#organization"},"potentialAction":[{"@type":"SearchAction","target":{"@type":"EntryPoint","urlTemplate":"http:\/\/cpaparis.org\/?s={search_term_string}"},"query-input":{"@type":"PropertyValueSpecification","valueRequired":true,"valueName":"search_term_string"}}],"inLanguage":"fr-FR"},{"@type":"Organization","@id":"http:\/\/cpaparis.org\/#organization","name":"Club de Patinage Adultes de Paris","url":"http:\/\/cpaparis.org\/","logo":{"@type":"ImageObject","inLanguage":"fr-FR","@id":"http:\/\/cpaparis.org\/#\/schema\/logo\/image\/","url":"http:\/\/cpaparis.org\/wp-content\/uploads\/2019\/10\/cpap-transparent.png","contentUrl":"http:\/\/cpaparis.org\/wp-content\/uploads\/2019\/10\/cpap-transparent.png","width":99,"height":48,"caption":"Club de Patinage Adultes de Paris"},"image":{"@id":"http:\/\/cpaparis.org\/#\/schema\/logo\/image\/"}},{"@type":"Person","@id":"http:\/\/cpaparis.org\/#\/schema\/person\/62c1da48b57b5ccb3841b94ea68c2f51","name":"Th\u00e9r\u00e8se Guinot","image":{"@type":"ImageObject","inLanguage":"fr-FR","@id":"http:\/\/cpaparis.org\/#\/schema\/person\/image\/","url":"https:\/\/secure.gravatar.com\/avatar\/86b7fd44ceff5acc696230b758c49ece6b826cd6f313972915244e3868690127?s=96&d=mm&r=g","contentUrl":"https:\/\/secure.gravatar.com\/avatar\/86b7fd44ceff5acc696230b758c49ece6b826cd6f313972915244e3868690127?s=96&d=mm&r=g","caption":"Th\u00e9r\u00e8se Guinot"},"url":"http:\/\/cpaparis.org\/?author=11"}]}},"_links":{"self":[{"href":"http:\/\/cpaparis.org\/index.php?rest_route=\/wp\/v2\/posts\/1833","targetHints":{"allow":["GET"]}}],"collection":[{"href":"http:\/\/cpaparis.org\/index.php?rest_route=\/wp\/v2\/posts"}],"about":[{"href":"http:\/\/cpaparis.org\/index.php?rest_route=\/wp\/v2\/types\/post"}],"author":[{"embeddable":true,"href":"http:\/\/cpaparis.org\/index.php?rest_route=\/wp\/v2\/users\/11"}],"replies":[{"embeddable":true,"href":"http:\/\/cpaparis.org\/index.php?rest_route=%2Fwp%2Fv2%2Fcomments&post=1833"}],"version-history":[{"count":5,"href":"http:\/\/cpaparis.org\/index.php?rest_route=\/wp\/v2\/posts\/1833\/revisions"}],"predecessor-version":[{"id":1857,"href":"http:\/\/cpaparis.org\/index.php?rest_route=\/wp\/v2\/posts\/1833\/revisions\/1857"}],"wp:attachment":[{"href":"http:\/\/cpaparis.org\/index.php?rest_route=%2Fwp%2Fv2%2Fmedia&parent=1833"}],"wp:term":[{"taxonomy":"category","embeddable":true,"href":"http:\/\/cpaparis.org\/index.php?rest_route=%2Fwp%2Fv2%2Fcategories&post=1833"},{"taxonomy":"post_tag","embeddable":true,"href":"http:\/\/cpaparis.org\/index.php?rest_route=%2Fwp%2Fv2%2Ftags&post=1833"},{"taxonomy":"post_folder","embeddable":true,"href":"http:\/\/cpaparis.org\/index.php?rest_route=%2Fwp%2Fv2%2Fpost_folder&post=1833"}],"curies":[{"name":"wp","href":"https:\/\/api.w.org\/{rel}","templated":true}]}}