{"id":1948,"date":"2025-06-23T22:26:42","date_gmt":"2025-06-23T20:26:42","guid":{"rendered":"http:\/\/cpaparis.org\/?p=1948"},"modified":"2025-06-23T22:26:42","modified_gmt":"2025-06-23T20:26:42","slug":"nouveaux-diplomes-du-cpap-15-juin-2025","status":"publish","type":"post","link":"http:\/\/cpaparis.org\/?p=1948","title":{"rendered":"Nouveaux dipl\u00f4m\u00e9s du CPAP &#8211; 15 juin 2025"},"content":{"rendered":"\n<p>Lors de la derni\u00e8re s\u00e9ance de cette saison 2025, le 15 juin, le club et sa pr\u00e9sidente ont pu f\u00e9liciter les 3 nouveaux d\u00e9tenteurs du BF : B\u00e9n\u00e9dicte, Elisa et Antoine. Ils sont d\u00e9sormais 4 avec Marie-Jos\u00e9 a poss\u00e9d\u00e9 ce titre.<\/p>\n<p>Cette soir\u00e9e marquait aussi la fin de contrat de notre service civique, Eliot, f\u00e9licit\u00e9 pour son aide dans la promotion du sport sant\u00e9, sport adapt\u00e9.<\/p>\n<p>Les festivit\u00e9s \u00e9taient accompagn\u00e9es d&rsquo;une petite collation pour les plus gourmands.\u00a0<\/p>\n<p><img loading=\"lazy\" decoding=\"async\" class=\"alignnone size-full wp-image-1949\" src=\"http:\/\/cpaparis.org\/wp-content\/uploads\/2025\/06\/7d42ec4e-4c57-44ac-9a38-478c05dc940f.jpg\" alt=\"\" width=\"1200\" height=\"1600\" srcset=\"http:\/\/cpaparis.org\/wp-content\/uploads\/2025\/06\/7d42ec4e-4c57-44ac-9a38-478c05dc940f.jpg 1200w, http:\/\/cpaparis.org\/wp-content\/uploads\/2025\/06\/7d42ec4e-4c57-44ac-9a38-478c05dc940f-225x300.jpg 225w, http:\/\/cpaparis.org\/wp-content\/uploads\/2025\/06\/7d42ec4e-4c57-44ac-9a38-478c05dc940f-768x1024.jpg 768w, http:\/\/cpaparis.org\/wp-content\/uploads\/2025\/06\/7d42ec4e-4c57-44ac-9a38-478c05dc940f-1152x1536.jpg 1152w\" sizes=\"auto, (max-width: 1200px) 100vw, 1200px\" \/> <img loading=\"lazy\" decoding=\"async\" class=\"alignnone size-full wp-image-1950\" src=\"http:\/\/cpaparis.org\/wp-content\/uploads\/2025\/06\/7223bcf7-4862-432f-91cd-dbc48a0bb823.jpg\" alt=\"\" width=\"1600\" height=\"1200\" srcset=\"http:\/\/cpaparis.org\/wp-content\/uploads\/2025\/06\/7223bcf7-4862-432f-91cd-dbc48a0bb823.jpg 1600w, http:\/\/cpaparis.org\/wp-content\/uploads\/2025\/06\/7223bcf7-4862-432f-91cd-dbc48a0bb823-300x225.jpg 300w, http:\/\/cpaparis.org\/wp-content\/uploads\/2025\/06\/7223bcf7-4862-432f-91cd-dbc48a0bb823-1024x768.jpg 1024w, http:\/\/cpaparis.org\/wp-content\/uploads\/2025\/06\/7223bcf7-4862-432f-91cd-dbc48a0bb823-768x576.jpg 768w, http:\/\/cpaparis.org\/wp-content\/uploads\/2025\/06\/7223bcf7-4862-432f-91cd-dbc48a0bb823-1536x1152.jpg 1536w\" sizes=\"auto, (max-width: 1600px) 100vw, 1600px\" \/> <img loading=\"lazy\" decoding=\"async\" class=\"alignnone size-full wp-image-1951\" src=\"http:\/\/cpaparis.org\/wp-content\/uploads\/2025\/06\/e9b69afc-3349-4188-84a6-d01321fe77d1.jpg\" alt=\"\" width=\"1600\" height=\"1200\" srcset=\"http:\/\/cpaparis.org\/wp-content\/uploads\/2025\/06\/e9b69afc-3349-4188-84a6-d01321fe77d1.jpg 1600w, http:\/\/cpaparis.org\/wp-content\/uploads\/2025\/06\/e9b69afc-3349-4188-84a6-d01321fe77d1-300x225.jpg 300w, http:\/\/cpaparis.org\/wp-content\/uploads\/2025\/06\/e9b69afc-3349-4188-84a6-d01321fe77d1-1024x768.jpg 1024w, http:\/\/cpaparis.org\/wp-content\/uploads\/2025\/06\/e9b69afc-3349-4188-84a6-d01321fe77d1-768x576.jpg 768w, http:\/\/cpaparis.org\/wp-content\/uploads\/2025\/06\/e9b69afc-3349-4188-84a6-d01321fe77d1-1536x1152.jpg 1536w\" sizes=\"auto, (max-width: 1600px) 100vw, 1600px\" \/><\/p>\n\n\n","protected":false},"excerpt":{"rendered":"<p>Lors de la derni\u00e8re s\u00e9ance de cette saison 2025, le 15 juin, le club et sa pr\u00e9sidente ont pu f\u00e9liciter les 3 nouveaux d\u00e9tenteurs du BF : B\u00e9n\u00e9dicte, Elisa et Antoine. Ils sont d\u00e9sormais 4 avec Marie-Jos\u00e9 a poss\u00e9d\u00e9 ce <a class=\"more-link\" href=\"http:\/\/cpaparis.org\/?p=1948\">Lire plus &#8230;<\/a><\/p>\n","protected":false},"author":1,"featured_media":0,"comment_status":"closed","ping_status":"open","sticky":false,"template":"","format":"standard","meta":{"footnotes":""},"categories":[46,9,45],"tags":[],"post_folder":[],"class_list":["post-1948","post","type-post","status-publish","format-standard","hentry","category-divers","category-evenements","category-sport-sante"],"yoast_head":"<!-- This site is optimized with the Yoast SEO plugin v26.2 - https:\/\/yoast.com\/wordpress\/plugins\/seo\/ -->\n<title>Nouveaux dipl\u00f4m\u00e9s du CPAP - 15 juin 2025 - Club de Patinage Adultes de Paris<\/title>\n<meta name=\"robots\" content=\"index, follow, max-snippet:-1, max-image-preview:large, max-video-preview:-1\" \/>\n<link rel=\"canonical\" href=\"https:\/\/cpaparis.org\/?p=1948\" \/>\n<meta property=\"og:locale\" content=\"fr_FR\" \/>\n<meta property=\"og:type\" content=\"article\" \/>\n<meta property=\"og:title\" content=\"Nouveaux dipl\u00f4m\u00e9s du CPAP - 15 juin 2025 - Club de Patinage Adultes de Paris\" \/>\n<meta property=\"og:description\" content=\"Lors de la derni\u00e8re s\u00e9ance de cette saison 2025, le 15 juin, le club et sa pr\u00e9sidente ont pu f\u00e9liciter les 3 nouveaux d\u00e9tenteurs du BF : B\u00e9n\u00e9dicte, Elisa et Antoine. Ils sont d\u00e9sormais 4 avec Marie-Jos\u00e9 a poss\u00e9d\u00e9 ce Lire plus ...\" \/>\n<meta property=\"og:url\" content=\"https:\/\/cpaparis.org\/?p=1948\" \/>\n<meta property=\"og:site_name\" content=\"Club de Patinage Adultes de Paris\" \/>\n<meta property=\"article:published_time\" content=\"2025-06-23T20:26:42+00:00\" \/>\n<meta property=\"og:image\" content=\"http:\/\/cpaparis.org\/wp-content\/uploads\/2025\/06\/7d42ec4e-4c57-44ac-9a38-478c05dc940f.jpg\" \/>\n<meta name=\"author\" content=\"admin7868\" \/>\n<meta name=\"twitter:card\" content=\"summary_large_image\" \/>\n<meta name=\"twitter:label1\" content=\"\u00c9crit par\" \/>\n\t<meta name=\"twitter:data1\" content=\"admin7868\" \/>\n\t<meta name=\"twitter:label2\" content=\"Dur\u00e9e de lecture estim\u00e9e\" \/>\n\t<meta name=\"twitter:data2\" content=\"1 minute\" \/>\n<script type=\"application\/ld+json\" class=\"yoast-schema-graph\">{\"@context\":\"https:\/\/schema.org\",\"@graph\":[{\"@type\":\"Article\",\"@id\":\"https:\/\/cpaparis.org\/?p=1948#article\",\"isPartOf\":{\"@id\":\"https:\/\/cpaparis.org\/?p=1948\"},\"author\":{\"name\":\"admin7868\",\"@id\":\"http:\/\/cpaparis.org\/#\/schema\/person\/91656304696221e5fcd3ec3c9566faa5\"},\"headline\":\"Nouveaux dipl\u00f4m\u00e9s du CPAP &#8211; 15 juin 2025\",\"datePublished\":\"2025-06-23T20:26:42+00:00\",\"mainEntityOfPage\":{\"@id\":\"https:\/\/cpaparis.org\/?p=1948\"},\"wordCount\":93,\"publisher\":{\"@id\":\"http:\/\/cpaparis.org\/#organization\"},\"image\":{\"@id\":\"https:\/\/cpaparis.org\/?p=1948#primaryimage\"},\"thumbnailUrl\":\"http:\/\/cpaparis.org\/wp-content\/uploads\/2025\/06\/7d42ec4e-4c57-44ac-9a38-478c05dc940f.jpg\",\"articleSection\":[\"Divers\",\"\u00c9v\u00e8nements\",\"Sport Sant\u00e9\"],\"inLanguage\":\"fr-FR\"},{\"@type\":\"WebPage\",\"@id\":\"https:\/\/cpaparis.org\/?p=1948\",\"url\":\"https:\/\/cpaparis.org\/?p=1948\",\"name\":\"Nouveaux dipl\u00f4m\u00e9s du CPAP - 15 juin 2025 - Club de Patinage Adultes de Paris\",\"isPartOf\":{\"@id\":\"http:\/\/cpaparis.org\/#website\"},\"primaryImageOfPage\":{\"@id\":\"https:\/\/cpaparis.org\/?p=1948#primaryimage\"},\"image\":{\"@id\":\"https:\/\/cpaparis.org\/?p=1948#primaryimage\"},\"thumbnailUrl\":\"http:\/\/cpaparis.org\/wp-content\/uploads\/2025\/06\/7d42ec4e-4c57-44ac-9a38-478c05dc940f.jpg\",\"datePublished\":\"2025-06-23T20:26:42+00:00\",\"breadcrumb\":{\"@id\":\"https:\/\/cpaparis.org\/?p=1948#breadcrumb\"},\"inLanguage\":\"fr-FR\",\"potentialAction\":[{\"@type\":\"ReadAction\",\"target\":[\"https:\/\/cpaparis.org\/?p=1948\"]}]},{\"@type\":\"ImageObject\",\"inLanguage\":\"fr-FR\",\"@id\":\"https:\/\/cpaparis.org\/?p=1948#primaryimage\",\"url\":\"http:\/\/cpaparis.org\/wp-content\/uploads\/2025\/06\/7d42ec4e-4c57-44ac-9a38-478c05dc940f.jpg\",\"contentUrl\":\"http:\/\/cpaparis.org\/wp-content\/uploads\/2025\/06\/7d42ec4e-4c57-44ac-9a38-478c05dc940f.jpg\",\"width\":1200,\"height\":1600},{\"@type\":\"BreadcrumbList\",\"@id\":\"https:\/\/cpaparis.org\/?p=1948#breadcrumb\",\"itemListElement\":[{\"@type\":\"ListItem\",\"position\":1,\"name\":\"Accueil\",\"item\":\"http:\/\/cpaparis.org\/\"},{\"@type\":\"ListItem\",\"position\":2,\"name\":\"Nouveaux dipl\u00f4m\u00e9s du CPAP &#8211; 15 juin 2025\"}]},{\"@type\":\"WebSite\",\"@id\":\"http:\/\/cpaparis.org\/#website\",\"url\":\"http:\/\/cpaparis.org\/\",\"name\":\"Club de Patinage Adultes de Paris\",\"description\":\"Labellis\u00e9 \u00e9cole de glace par la F\u00e9d\u00e9ration Fran\u00e7aise des Sports de Glace\",\"publisher\":{\"@id\":\"http:\/\/cpaparis.org\/#organization\"},\"potentialAction\":[{\"@type\":\"SearchAction\",\"target\":{\"@type\":\"EntryPoint\",\"urlTemplate\":\"http:\/\/cpaparis.org\/?s={search_term_string}\"},\"query-input\":{\"@type\":\"PropertyValueSpecification\",\"valueRequired\":true,\"valueName\":\"search_term_string\"}}],\"inLanguage\":\"fr-FR\"},{\"@type\":\"Organization\",\"@id\":\"http:\/\/cpaparis.org\/#organization\",\"name\":\"Club de Patinage Adultes de Paris\",\"url\":\"http:\/\/cpaparis.org\/\",\"logo\":{\"@type\":\"ImageObject\",\"inLanguage\":\"fr-FR\",\"@id\":\"http:\/\/cpaparis.org\/#\/schema\/logo\/image\/\",\"url\":\"http:\/\/cpaparis.org\/wp-content\/uploads\/2019\/10\/cpap-transparent.png\",\"contentUrl\":\"http:\/\/cpaparis.org\/wp-content\/uploads\/2019\/10\/cpap-transparent.png\",\"width\":99,\"height\":48,\"caption\":\"Club de Patinage Adultes de Paris\"},\"image\":{\"@id\":\"http:\/\/cpaparis.org\/#\/schema\/logo\/image\/\"}},{\"@type\":\"Person\",\"@id\":\"http:\/\/cpaparis.org\/#\/schema\/person\/91656304696221e5fcd3ec3c9566faa5\",\"name\":\"admin7868\",\"image\":{\"@type\":\"ImageObject\",\"inLanguage\":\"fr-FR\",\"@id\":\"http:\/\/cpaparis.org\/#\/schema\/person\/image\/\",\"url\":\"https:\/\/secure.gravatar.com\/avatar\/43f1891ad213b50ebe15560d6d093dca0378a30530bd8ed7a1f73f867963448a?s=96&d=mm&r=g\",\"contentUrl\":\"https:\/\/secure.gravatar.com\/avatar\/43f1891ad213b50ebe15560d6d093dca0378a30530bd8ed7a1f73f867963448a?s=96&d=mm&r=g\",\"caption\":\"admin7868\"},\"url\":\"http:\/\/cpaparis.org\/?author=1\"}]}<\/script>\n<!-- \/ Yoast SEO plugin. -->","yoast_head_json":{"title":"Nouveaux dipl\u00f4m\u00e9s du CPAP - 15 juin 2025 - Club de Patinage Adultes de Paris","robots":{"index":"index","follow":"follow","max-snippet":"max-snippet:-1","max-image-preview":"max-image-preview:large","max-video-preview":"max-video-preview:-1"},"canonical":"https:\/\/cpaparis.org\/?p=1948","og_locale":"fr_FR","og_type":"article","og_title":"Nouveaux dipl\u00f4m\u00e9s du CPAP - 15 juin 2025 - Club de Patinage Adultes de Paris","og_description":"Lors de la derni\u00e8re s\u00e9ance de cette saison 2025, le 15 juin, le club et sa pr\u00e9sidente ont pu f\u00e9liciter les 3 nouveaux d\u00e9tenteurs du BF : B\u00e9n\u00e9dicte, Elisa et Antoine. Ils sont d\u00e9sormais 4 avec Marie-Jos\u00e9 a poss\u00e9d\u00e9 ce Lire plus ...","og_url":"https:\/\/cpaparis.org\/?p=1948","og_site_name":"Club de Patinage Adultes de Paris","article_published_time":"2025-06-23T20:26:42+00:00","og_image":[{"url":"http:\/\/cpaparis.org\/wp-content\/uploads\/2025\/06\/7d42ec4e-4c57-44ac-9a38-478c05dc940f.jpg","type":"","width":"","height":""}],"author":"admin7868","twitter_card":"summary_large_image","twitter_misc":{"\u00c9crit par":"admin7868","Dur\u00e9e de lecture estim\u00e9e":"1 minute"},"schema":{"@context":"https:\/\/schema.org","@graph":[{"@type":"Article","@id":"https:\/\/cpaparis.org\/?p=1948#article","isPartOf":{"@id":"https:\/\/cpaparis.org\/?p=1948"},"author":{"name":"admin7868","@id":"http:\/\/cpaparis.org\/#\/schema\/person\/91656304696221e5fcd3ec3c9566faa5"},"headline":"Nouveaux dipl\u00f4m\u00e9s du CPAP &#8211; 15 juin 2025","datePublished":"2025-06-23T20:26:42+00:00","mainEntityOfPage":{"@id":"https:\/\/cpaparis.org\/?p=1948"},"wordCount":93,"publisher":{"@id":"http:\/\/cpaparis.org\/#organization"},"image":{"@id":"https:\/\/cpaparis.org\/?p=1948#primaryimage"},"thumbnailUrl":"http:\/\/cpaparis.org\/wp-content\/uploads\/2025\/06\/7d42ec4e-4c57-44ac-9a38-478c05dc940f.jpg","articleSection":["Divers","\u00c9v\u00e8nements","Sport Sant\u00e9"],"inLanguage":"fr-FR"},{"@type":"WebPage","@id":"https:\/\/cpaparis.org\/?p=1948","url":"https:\/\/cpaparis.org\/?p=1948","name":"Nouveaux dipl\u00f4m\u00e9s du CPAP - 15 juin 2025 - Club de Patinage Adultes de Paris","isPartOf":{"@id":"http:\/\/cpaparis.org\/#website"},"primaryImageOfPage":{"@id":"https:\/\/cpaparis.org\/?p=1948#primaryimage"},"image":{"@id":"https:\/\/cpaparis.org\/?p=1948#primaryimage"},"thumbnailUrl":"http:\/\/cpaparis.org\/wp-content\/uploads\/2025\/06\/7d42ec4e-4c57-44ac-9a38-478c05dc940f.jpg","datePublished":"2025-06-23T20:26:42+00:00","breadcrumb":{"@id":"https:\/\/cpaparis.org\/?p=1948#breadcrumb"},"inLanguage":"fr-FR","potentialAction":[{"@type":"ReadAction","target":["https:\/\/cpaparis.org\/?p=1948"]}]},{"@type":"ImageObject","inLanguage":"fr-FR","@id":"https:\/\/cpaparis.org\/?p=1948#primaryimage","url":"http:\/\/cpaparis.org\/wp-content\/uploads\/2025\/06\/7d42ec4e-4c57-44ac-9a38-478c05dc940f.jpg","contentUrl":"http:\/\/cpaparis.org\/wp-content\/uploads\/2025\/06\/7d42ec4e-4c57-44ac-9a38-478c05dc940f.jpg","width":1200,"height":1600},{"@type":"BreadcrumbList","@id":"https:\/\/cpaparis.org\/?p=1948#breadcrumb","itemListElement":[{"@type":"ListItem","position":1,"name":"Accueil","item":"http:\/\/cpaparis.org\/"},{"@type":"ListItem","position":2,"name":"Nouveaux dipl\u00f4m\u00e9s du CPAP &#8211; 15 juin 2025"}]},{"@type":"WebSite","@id":"http:\/\/cpaparis.org\/#website","url":"http:\/\/cpaparis.org\/","name":"Club de Patinage Adultes de Paris","description":"Labellis\u00e9 \u00e9cole de glace par la F\u00e9d\u00e9ration Fran\u00e7aise des Sports de Glace","publisher":{"@id":"http:\/\/cpaparis.org\/#organization"},"potentialAction":[{"@type":"SearchAction","target":{"@type":"EntryPoint","urlTemplate":"http:\/\/cpaparis.org\/?s={search_term_string}"},"query-input":{"@type":"PropertyValueSpecification","valueRequired":true,"valueName":"search_term_string"}}],"inLanguage":"fr-FR"},{"@type":"Organization","@id":"http:\/\/cpaparis.org\/#organization","name":"Club de Patinage Adultes de Paris","url":"http:\/\/cpaparis.org\/","logo":{"@type":"ImageObject","inLanguage":"fr-FR","@id":"http:\/\/cpaparis.org\/#\/schema\/logo\/image\/","url":"http:\/\/cpaparis.org\/wp-content\/uploads\/2019\/10\/cpap-transparent.png","contentUrl":"http:\/\/cpaparis.org\/wp-content\/uploads\/2019\/10\/cpap-transparent.png","width":99,"height":48,"caption":"Club de Patinage Adultes de Paris"},"image":{"@id":"http:\/\/cpaparis.org\/#\/schema\/logo\/image\/"}},{"@type":"Person","@id":"http:\/\/cpaparis.org\/#\/schema\/person\/91656304696221e5fcd3ec3c9566faa5","name":"admin7868","image":{"@type":"ImageObject","inLanguage":"fr-FR","@id":"http:\/\/cpaparis.org\/#\/schema\/person\/image\/","url":"https:\/\/secure.gravatar.com\/avatar\/43f1891ad213b50ebe15560d6d093dca0378a30530bd8ed7a1f73f867963448a?s=96&d=mm&r=g","contentUrl":"https:\/\/secure.gravatar.com\/avatar\/43f1891ad213b50ebe15560d6d093dca0378a30530bd8ed7a1f73f867963448a?s=96&d=mm&r=g","caption":"admin7868"},"url":"http:\/\/cpaparis.org\/?author=1"}]}},"_links":{"self":[{"href":"http:\/\/cpaparis.org\/index.php?rest_route=\/wp\/v2\/posts\/1948","targetHints":{"allow":["GET"]}}],"collection":[{"href":"http:\/\/cpaparis.org\/index.php?rest_route=\/wp\/v2\/posts"}],"about":[{"href":"http:\/\/cpaparis.org\/index.php?rest_route=\/wp\/v2\/types\/post"}],"author":[{"embeddable":true,"href":"http:\/\/cpaparis.org\/index.php?rest_route=\/wp\/v2\/users\/1"}],"replies":[{"embeddable":true,"href":"http:\/\/cpaparis.org\/index.php?rest_route=%2Fwp%2Fv2%2Fcomments&post=1948"}],"version-history":[{"count":1,"href":"http:\/\/cpaparis.org\/index.php?rest_route=\/wp\/v2\/posts\/1948\/revisions"}],"predecessor-version":[{"id":1952,"href":"http:\/\/cpaparis.org\/index.php?rest_route=\/wp\/v2\/posts\/1948\/revisions\/1952"}],"wp:attachment":[{"href":"http:\/\/cpaparis.org\/index.php?rest_route=%2Fwp%2Fv2%2Fmedia&parent=1948"}],"wp:term":[{"taxonomy":"category","embeddable":true,"href":"http:\/\/cpaparis.org\/index.php?rest_route=%2Fwp%2Fv2%2Fcategories&post=1948"},{"taxonomy":"post_tag","embeddable":true,"href":"http:\/\/cpaparis.org\/index.php?rest_route=%2Fwp%2Fv2%2Ftags&post=1948"},{"taxonomy":"post_folder","embeddable":true,"href":"http:\/\/cpaparis.org\/index.php?rest_route=%2Fwp%2Fv2%2Fpost_folder&post=1948"}],"curies":[{"name":"wp","href":"https:\/\/api.w.org\/{rel}","templated":true}]}}