{"id":824,"date":"2021-04-12T18:07:55","date_gmt":"2021-04-12T16:07:55","guid":{"rendered":"http:\/\/cpaparis.org\/?p=824"},"modified":"2024-10-16T19:09:06","modified_gmt":"2024-10-16T17:09:06","slug":"stage-de-meribel-summer-session-2021","status":"publish","type":"post","link":"http:\/\/cpaparis.org\/?p=824","title":{"rendered":"Stage de Meribel : Summer Session 2021"},"content":{"rendered":"\n<figure class=\"wp-block-image size-large\"><img loading=\"lazy\" decoding=\"async\" width=\"480\" height=\"640\" src=\"http:\/\/cpaparis.org\/wp-content\/uploads\/2021\/04\/meribel-cours-rotated.jpg\" alt=\"\" class=\"wp-image-829\" srcset=\"http:\/\/cpaparis.org\/wp-content\/uploads\/2021\/04\/meribel-cours-rotated.jpg 480w, http:\/\/cpaparis.org\/wp-content\/uploads\/2021\/04\/meribel-cours-225x300.jpg 225w\" sizes=\"auto, (max-width: 480px) 100vw, 480px\" \/><\/figure>\n\n\n\n<p>H\u00e2te de rechausser les patins? Envie de profiter d&rsquo;une des plus belles stations des Alpes dans ambiance conviviale? <br \/>Le stage de M\u00e9ribel pr\u00e9vu du 2 au 6 ao\u00fbt 2021 est fait pour vous.<\/p>\n<p>Deux s\u00e9ances de danse sur glace par jour avec notre entraineur Ludovic Deville, un h\u00e9bergement tout confort \u00e0 l&rsquo;h\u00f4tel et bonne humeur sont depuis plusieurs ann\u00e9es la recette du succ\u00e8s du stage de M\u00e9ribel.<\/p>\n<p>Sur glace nous alternons exercices techniques, apprentissage et pratique des danses impos\u00e9es seul ou en couple en s&rsquo;adaptant au niveau de chacun, ainsi que des danses de cr\u00e9ations. Des s\u00e9ances de PPG viennent compl\u00e9ter le travail sur glace.\u00a0<br \/>Nous profitons de la patinoire olympique de M\u00e9ribel, avec une glace d&rsquo;excellente qualit\u00e9.<\/p>\n<p>Vers 15h apr\u00e8s le patin, la piscine et l&rsquo;espace sauna\/hammam\/jacuzzi de l&rsquo;h\u00f4tel offrent des moments de d\u00e9tente. Les plus sportifs peuvent tenter une ballade au magnifique lac de Tu\u00e9da ou une session d&rsquo;accrobranche l&rsquo;apr\u00e8s midi.\u00a0 En soir\u00e9e, ceux qui le souhaitent se retrouvent pour le traditionnel ap\u00e9ritif ou une partie de billard.\u00a0<\/p>\n<p>Consultez la <a href=\"http:\/\/cpaparis.org\/wp-content\/uploads\/2021\/04\/CPAP-Plaquette-SUMMER-SESSION-Aout2021.pdf\" target=\"_blank\" rel=\"noopener\">plaquette du stage<\/a>. <br \/>Contexte sanitaire : En cas d&rsquo;annulation du stage les frais d&rsquo;inscription seront int\u00e9gralement rembours\u00e9s. Le CPAP envisage un am\u00e9nagement pour le prix des adh\u00e9sions 2021-2022 pour ses adh\u00e9rents de la saison 2020-2021.<\/p>\n\n\n\n<figure class=\"wp-block-image size-large\"><img loading=\"lazy\" decoding=\"async\" width=\"768\" height=\"1024\" src=\"http:\/\/cpaparis.org\/wp-content\/uploads\/2021\/04\/meribel-repas-768x1024.jpg\" alt=\"\" class=\"wp-image-830\" srcset=\"http:\/\/cpaparis.org\/wp-content\/uploads\/2021\/04\/meribel-repas-768x1024.jpg 768w, http:\/\/cpaparis.org\/wp-content\/uploads\/2021\/04\/meribel-repas-225x300.jpg 225w, http:\/\/cpaparis.org\/wp-content\/uploads\/2021\/04\/meribel-repas-1152x1536.jpg 1152w, http:\/\/cpaparis.org\/wp-content\/uploads\/2021\/04\/meribel-repas.jpg 1200w\" sizes=\"auto, (max-width: 768px) 100vw, 768px\" \/><figcaption>Les repas sur la terrasse de l&rsquo;hotel. La patinoire que l&rsquo;on voit en arri\u00e8re plan n&rsquo;est qu&rsquo;\u00e0 quelques pas.<\/figcaption><\/figure>\n","protected":false},"excerpt":{"rendered":"<p>H\u00e2te de rechausser les patins? Envie de profiter d&rsquo;une des plus belles stations des Alpes dans ambiance conviviale? Le stage de M\u00e9ribel pr\u00e9vu du 2 au 6 ao\u00fbt 2021 est fait pour vous. Deux s\u00e9ances de danse sur glace par <a class=\"more-link\" href=\"http:\/\/cpaparis.org\/?p=824\">Lire plus &#8230;<\/a><\/p>\n","protected":false},"author":3,"featured_media":828,"comment_status":"closed","ping_status":"open","sticky":false,"template":"","format":"standard","meta":{"footnotes":""},"categories":[5],"tags":[],"post_folder":[],"class_list":["post-824","post","type-post","status-publish","format-standard","has-post-thumbnail","hentry","category-stages"],"yoast_head":"<!-- This site is optimized with the Yoast SEO plugin v26.2 - https:\/\/yoast.com\/wordpress\/plugins\/seo\/ -->\n<title>Stage de Meribel : Summer Session 2021 - Club de Patinage Adultes de Paris<\/title>\n<meta name=\"robots\" content=\"index, follow, max-snippet:-1, max-image-preview:large, max-video-preview:-1\" \/>\n<link rel=\"canonical\" href=\"http:\/\/cpaparis.org\/?p=824\" \/>\n<meta property=\"og:locale\" content=\"fr_FR\" \/>\n<meta property=\"og:type\" content=\"article\" \/>\n<meta property=\"og:title\" content=\"Stage de Meribel : Summer Session 2021 - Club de Patinage Adultes de Paris\" \/>\n<meta property=\"og:description\" content=\"H\u00e2te de rechausser les patins? Envie de profiter d&rsquo;une des plus belles stations des Alpes dans ambiance conviviale? Le stage de M\u00e9ribel pr\u00e9vu du 2 au 6 ao\u00fbt 2021 est fait pour vous. Deux s\u00e9ances de danse sur glace par Lire plus ...\" \/>\n<meta property=\"og:url\" content=\"http:\/\/cpaparis.org\/?p=824\" \/>\n<meta property=\"og:site_name\" content=\"Club de Patinage Adultes de Paris\" \/>\n<meta property=\"article:published_time\" content=\"2021-04-12T16:07:55+00:00\" \/>\n<meta property=\"article:modified_time\" content=\"2024-10-16T17:09:06+00:00\" \/>\n<meta property=\"og:image\" content=\"http:\/\/cpaparis.org\/wp-content\/uploads\/2021\/04\/meribel-groupe-scaled.jpg\" \/>\n\t<meta property=\"og:image:width\" content=\"2560\" \/>\n\t<meta property=\"og:image:height\" content=\"1920\" \/>\n\t<meta property=\"og:image:type\" content=\"image\/jpeg\" \/>\n<meta name=\"author\" content=\"Antoine Temime\" \/>\n<meta name=\"twitter:card\" content=\"summary_large_image\" \/>\n<meta name=\"twitter:label1\" content=\"\u00c9crit par\" \/>\n\t<meta name=\"twitter:data1\" content=\"Antoine Temime\" \/>\n\t<meta name=\"twitter:label2\" content=\"Dur\u00e9e de lecture estim\u00e9e\" \/>\n\t<meta name=\"twitter:data2\" content=\"2 minutes\" \/>\n<script type=\"application\/ld+json\" class=\"yoast-schema-graph\">{\"@context\":\"https:\/\/schema.org\",\"@graph\":[{\"@type\":\"Article\",\"@id\":\"http:\/\/cpaparis.org\/?p=824#article\",\"isPartOf\":{\"@id\":\"http:\/\/cpaparis.org\/?p=824\"},\"author\":{\"name\":\"Antoine Temime\",\"@id\":\"http:\/\/cpaparis.org\/#\/schema\/person\/0d26657581631eb434d3fb58444edbca\"},\"headline\":\"Stage de Meribel : Summer Session 2021\",\"datePublished\":\"2021-04-12T16:07:55+00:00\",\"dateModified\":\"2024-10-16T17:09:06+00:00\",\"mainEntityOfPage\":{\"@id\":\"http:\/\/cpaparis.org\/?p=824\"},\"wordCount\":256,\"publisher\":{\"@id\":\"http:\/\/cpaparis.org\/#organization\"},\"image\":{\"@id\":\"http:\/\/cpaparis.org\/?p=824#primaryimage\"},\"thumbnailUrl\":\"http:\/\/cpaparis.org\/wp-content\/uploads\/2021\/04\/meribel-groupe-scaled.jpg\",\"articleSection\":[\"Stages\"],\"inLanguage\":\"fr-FR\"},{\"@type\":\"WebPage\",\"@id\":\"http:\/\/cpaparis.org\/?p=824\",\"url\":\"http:\/\/cpaparis.org\/?p=824\",\"name\":\"Stage de Meribel : Summer Session 2021 - Club de Patinage Adultes de Paris\",\"isPartOf\":{\"@id\":\"http:\/\/cpaparis.org\/#website\"},\"primaryImageOfPage\":{\"@id\":\"http:\/\/cpaparis.org\/?p=824#primaryimage\"},\"image\":{\"@id\":\"http:\/\/cpaparis.org\/?p=824#primaryimage\"},\"thumbnailUrl\":\"http:\/\/cpaparis.org\/wp-content\/uploads\/2021\/04\/meribel-groupe-scaled.jpg\",\"datePublished\":\"2021-04-12T16:07:55+00:00\",\"dateModified\":\"2024-10-16T17:09:06+00:00\",\"breadcrumb\":{\"@id\":\"http:\/\/cpaparis.org\/?p=824#breadcrumb\"},\"inLanguage\":\"fr-FR\",\"potentialAction\":[{\"@type\":\"ReadAction\",\"target\":[\"http:\/\/cpaparis.org\/?p=824\"]}]},{\"@type\":\"ImageObject\",\"inLanguage\":\"fr-FR\",\"@id\":\"http:\/\/cpaparis.org\/?p=824#primaryimage\",\"url\":\"http:\/\/cpaparis.org\/wp-content\/uploads\/2021\/04\/meribel-groupe-scaled.jpg\",\"contentUrl\":\"http:\/\/cpaparis.org\/wp-content\/uploads\/2021\/04\/meribel-groupe-scaled.jpg\",\"width\":2560,\"height\":1920},{\"@type\":\"BreadcrumbList\",\"@id\":\"http:\/\/cpaparis.org\/?p=824#breadcrumb\",\"itemListElement\":[{\"@type\":\"ListItem\",\"position\":1,\"name\":\"Accueil\",\"item\":\"http:\/\/cpaparis.org\/\"},{\"@type\":\"ListItem\",\"position\":2,\"name\":\"Stage de Meribel : Summer Session 2021\"}]},{\"@type\":\"WebSite\",\"@id\":\"http:\/\/cpaparis.org\/#website\",\"url\":\"http:\/\/cpaparis.org\/\",\"name\":\"Club de Patinage Adultes de Paris\",\"description\":\"Labellis\u00e9 \u00e9cole de glace par la F\u00e9d\u00e9ration Fran\u00e7aise des Sports de Glace\",\"publisher\":{\"@id\":\"http:\/\/cpaparis.org\/#organization\"},\"potentialAction\":[{\"@type\":\"SearchAction\",\"target\":{\"@type\":\"EntryPoint\",\"urlTemplate\":\"http:\/\/cpaparis.org\/?s={search_term_string}\"},\"query-input\":{\"@type\":\"PropertyValueSpecification\",\"valueRequired\":true,\"valueName\":\"search_term_string\"}}],\"inLanguage\":\"fr-FR\"},{\"@type\":\"Organization\",\"@id\":\"http:\/\/cpaparis.org\/#organization\",\"name\":\"Club de Patinage Adultes de Paris\",\"url\":\"http:\/\/cpaparis.org\/\",\"logo\":{\"@type\":\"ImageObject\",\"inLanguage\":\"fr-FR\",\"@id\":\"http:\/\/cpaparis.org\/#\/schema\/logo\/image\/\",\"url\":\"http:\/\/cpaparis.org\/wp-content\/uploads\/2019\/10\/cpap-transparent.png\",\"contentUrl\":\"http:\/\/cpaparis.org\/wp-content\/uploads\/2019\/10\/cpap-transparent.png\",\"width\":99,\"height\":48,\"caption\":\"Club de Patinage Adultes de Paris\"},\"image\":{\"@id\":\"http:\/\/cpaparis.org\/#\/schema\/logo\/image\/\"}},{\"@type\":\"Person\",\"@id\":\"http:\/\/cpaparis.org\/#\/schema\/person\/0d26657581631eb434d3fb58444edbca\",\"name\":\"Antoine Temime\",\"image\":{\"@type\":\"ImageObject\",\"inLanguage\":\"fr-FR\",\"@id\":\"http:\/\/cpaparis.org\/#\/schema\/person\/image\/\",\"url\":\"http:\/\/cpaparis.org\/wp-content\/uploads\/2024\/09\/dmct2k82EEdC-150x150.png\",\"contentUrl\":\"http:\/\/cpaparis.org\/wp-content\/uploads\/2024\/09\/dmct2k82EEdC-150x150.png\",\"caption\":\"Antoine Temime\"},\"url\":\"http:\/\/cpaparis.org\/?author=3\"}]}<\/script>\n<!-- \/ Yoast SEO plugin. -->","yoast_head_json":{"title":"Stage de Meribel : Summer Session 2021 - Club de Patinage Adultes de Paris","robots":{"index":"index","follow":"follow","max-snippet":"max-snippet:-1","max-image-preview":"max-image-preview:large","max-video-preview":"max-video-preview:-1"},"canonical":"http:\/\/cpaparis.org\/?p=824","og_locale":"fr_FR","og_type":"article","og_title":"Stage de Meribel : Summer Session 2021 - Club de Patinage Adultes de Paris","og_description":"H\u00e2te de rechausser les patins? Envie de profiter d&rsquo;une des plus belles stations des Alpes dans ambiance conviviale? Le stage de M\u00e9ribel pr\u00e9vu du 2 au 6 ao\u00fbt 2021 est fait pour vous. Deux s\u00e9ances de danse sur glace par Lire plus ...","og_url":"http:\/\/cpaparis.org\/?p=824","og_site_name":"Club de Patinage Adultes de Paris","article_published_time":"2021-04-12T16:07:55+00:00","article_modified_time":"2024-10-16T17:09:06+00:00","og_image":[{"width":2560,"height":1920,"url":"http:\/\/cpaparis.org\/wp-content\/uploads\/2021\/04\/meribel-groupe-scaled.jpg","type":"image\/jpeg"}],"author":"Antoine Temime","twitter_card":"summary_large_image","twitter_misc":{"\u00c9crit par":"Antoine Temime","Dur\u00e9e de lecture estim\u00e9e":"2 minutes"},"schema":{"@context":"https:\/\/schema.org","@graph":[{"@type":"Article","@id":"http:\/\/cpaparis.org\/?p=824#article","isPartOf":{"@id":"http:\/\/cpaparis.org\/?p=824"},"author":{"name":"Antoine Temime","@id":"http:\/\/cpaparis.org\/#\/schema\/person\/0d26657581631eb434d3fb58444edbca"},"headline":"Stage de Meribel : Summer Session 2021","datePublished":"2021-04-12T16:07:55+00:00","dateModified":"2024-10-16T17:09:06+00:00","mainEntityOfPage":{"@id":"http:\/\/cpaparis.org\/?p=824"},"wordCount":256,"publisher":{"@id":"http:\/\/cpaparis.org\/#organization"},"image":{"@id":"http:\/\/cpaparis.org\/?p=824#primaryimage"},"thumbnailUrl":"http:\/\/cpaparis.org\/wp-content\/uploads\/2021\/04\/meribel-groupe-scaled.jpg","articleSection":["Stages"],"inLanguage":"fr-FR"},{"@type":"WebPage","@id":"http:\/\/cpaparis.org\/?p=824","url":"http:\/\/cpaparis.org\/?p=824","name":"Stage de Meribel : Summer Session 2021 - Club de Patinage Adultes de Paris","isPartOf":{"@id":"http:\/\/cpaparis.org\/#website"},"primaryImageOfPage":{"@id":"http:\/\/cpaparis.org\/?p=824#primaryimage"},"image":{"@id":"http:\/\/cpaparis.org\/?p=824#primaryimage"},"thumbnailUrl":"http:\/\/cpaparis.org\/wp-content\/uploads\/2021\/04\/meribel-groupe-scaled.jpg","datePublished":"2021-04-12T16:07:55+00:00","dateModified":"2024-10-16T17:09:06+00:00","breadcrumb":{"@id":"http:\/\/cpaparis.org\/?p=824#breadcrumb"},"inLanguage":"fr-FR","potentialAction":[{"@type":"ReadAction","target":["http:\/\/cpaparis.org\/?p=824"]}]},{"@type":"ImageObject","inLanguage":"fr-FR","@id":"http:\/\/cpaparis.org\/?p=824#primaryimage","url":"http:\/\/cpaparis.org\/wp-content\/uploads\/2021\/04\/meribel-groupe-scaled.jpg","contentUrl":"http:\/\/cpaparis.org\/wp-content\/uploads\/2021\/04\/meribel-groupe-scaled.jpg","width":2560,"height":1920},{"@type":"BreadcrumbList","@id":"http:\/\/cpaparis.org\/?p=824#breadcrumb","itemListElement":[{"@type":"ListItem","position":1,"name":"Accueil","item":"http:\/\/cpaparis.org\/"},{"@type":"ListItem","position":2,"name":"Stage de Meribel : Summer Session 2021"}]},{"@type":"WebSite","@id":"http:\/\/cpaparis.org\/#website","url":"http:\/\/cpaparis.org\/","name":"Club de Patinage Adultes de Paris","description":"Labellis\u00e9 \u00e9cole de glace par la F\u00e9d\u00e9ration Fran\u00e7aise des Sports de Glace","publisher":{"@id":"http:\/\/cpaparis.org\/#organization"},"potentialAction":[{"@type":"SearchAction","target":{"@type":"EntryPoint","urlTemplate":"http:\/\/cpaparis.org\/?s={search_term_string}"},"query-input":{"@type":"PropertyValueSpecification","valueRequired":true,"valueName":"search_term_string"}}],"inLanguage":"fr-FR"},{"@type":"Organization","@id":"http:\/\/cpaparis.org\/#organization","name":"Club de Patinage Adultes de Paris","url":"http:\/\/cpaparis.org\/","logo":{"@type":"ImageObject","inLanguage":"fr-FR","@id":"http:\/\/cpaparis.org\/#\/schema\/logo\/image\/","url":"http:\/\/cpaparis.org\/wp-content\/uploads\/2019\/10\/cpap-transparent.png","contentUrl":"http:\/\/cpaparis.org\/wp-content\/uploads\/2019\/10\/cpap-transparent.png","width":99,"height":48,"caption":"Club de Patinage Adultes de Paris"},"image":{"@id":"http:\/\/cpaparis.org\/#\/schema\/logo\/image\/"}},{"@type":"Person","@id":"http:\/\/cpaparis.org\/#\/schema\/person\/0d26657581631eb434d3fb58444edbca","name":"Antoine Temime","image":{"@type":"ImageObject","inLanguage":"fr-FR","@id":"http:\/\/cpaparis.org\/#\/schema\/person\/image\/","url":"http:\/\/cpaparis.org\/wp-content\/uploads\/2024\/09\/dmct2k82EEdC-150x150.png","contentUrl":"http:\/\/cpaparis.org\/wp-content\/uploads\/2024\/09\/dmct2k82EEdC-150x150.png","caption":"Antoine Temime"},"url":"http:\/\/cpaparis.org\/?author=3"}]}},"_links":{"self":[{"href":"http:\/\/cpaparis.org\/index.php?rest_route=\/wp\/v2\/posts\/824","targetHints":{"allow":["GET"]}}],"collection":[{"href":"http:\/\/cpaparis.org\/index.php?rest_route=\/wp\/v2\/posts"}],"about":[{"href":"http:\/\/cpaparis.org\/index.php?rest_route=\/wp\/v2\/types\/post"}],"author":[{"embeddable":true,"href":"http:\/\/cpaparis.org\/index.php?rest_route=\/wp\/v2\/users\/3"}],"replies":[{"embeddable":true,"href":"http:\/\/cpaparis.org\/index.php?rest_route=%2Fwp%2Fv2%2Fcomments&post=824"}],"version-history":[{"count":13,"href":"http:\/\/cpaparis.org\/index.php?rest_route=\/wp\/v2\/posts\/824\/revisions"}],"predecessor-version":[{"id":1233,"href":"http:\/\/cpaparis.org\/index.php?rest_route=\/wp\/v2\/posts\/824\/revisions\/1233"}],"wp:featuredmedia":[{"embeddable":true,"href":"http:\/\/cpaparis.org\/index.php?rest_route=\/wp\/v2\/media\/828"}],"wp:attachment":[{"href":"http:\/\/cpaparis.org\/index.php?rest_route=%2Fwp%2Fv2%2Fmedia&parent=824"}],"wp:term":[{"taxonomy":"category","embeddable":true,"href":"http:\/\/cpaparis.org\/index.php?rest_route=%2Fwp%2Fv2%2Fcategories&post=824"},{"taxonomy":"post_tag","embeddable":true,"href":"http:\/\/cpaparis.org\/index.php?rest_route=%2Fwp%2Fv2%2Ftags&post=824"},{"taxonomy":"post_folder","embeddable":true,"href":"http:\/\/cpaparis.org\/index.php?rest_route=%2Fwp%2Fv2%2Fpost_folder&post=824"}],"curies":[{"name":"wp","href":"https:\/\/api.w.org\/{rel}","templated":true}]}}