{"id":923,"date":"2021-09-06T23:02:31","date_gmt":"2021-09-06T21:02:31","guid":{"rendered":"http:\/\/cpaparis.org\/?p=923"},"modified":"2024-10-16T19:08:17","modified_gmt":"2024-10-16T17:08:17","slug":"soiree-portes-ouvertes-26-septembre-2021","status":"publish","type":"post","link":"http:\/\/cpaparis.org\/?p=923","title":{"rendered":"Soir\u00e9e PORTES OUVERTES 26 septembre 2021"},"content":{"rendered":"\n<p>Vous voulez d\u00e9couvrir la <span style=\"color: #ff0000;\">Danse sur glace<\/span> ou le <span style=\"color: #ff0000;\">Ballet sur glace<\/span>?<br \/>Le Club de Patinage Adultes de Paris vous invite \u00e0 une soir\u00e9e Portes Ouvertes le <span style=\"color: #3366ff;\"><strong><em>dimanche 26 septembre 2021, de 21H \u00e0 23H<\/em><\/strong><\/span>. Au programme:<br \/><br \/><\/p>\n<table style=\"border-collapse: collapse; width: 100.739%; height: 425px;\">\n<tbody>\n<tr style=\"height: 214px;\">\n<td style=\"width: 50%; height: 214px;\"><img loading=\"lazy\" decoding=\"async\" class=\"size-medium wp-image-925 aligncenter\" src=\"http:\/\/cpaparis.org\/wp-content\/uploads\/2021\/09\/Asnieres-13-juin-21-Photos-groupe-300x225.jpg\" alt=\"\" width=\"300\" height=\"225\" srcset=\"http:\/\/cpaparis.org\/wp-content\/uploads\/2021\/09\/Asnieres-13-juin-21-Photos-groupe-300x225.jpg 300w, http:\/\/cpaparis.org\/wp-content\/uploads\/2021\/09\/Asnieres-13-juin-21-Photos-groupe-1024x768.jpg 1024w, http:\/\/cpaparis.org\/wp-content\/uploads\/2021\/09\/Asnieres-13-juin-21-Photos-groupe-768x576.jpg 768w, http:\/\/cpaparis.org\/wp-content\/uploads\/2021\/09\/Asnieres-13-juin-21-Photos-groupe-1536x1152.jpg 1536w, http:\/\/cpaparis.org\/wp-content\/uploads\/2021\/09\/Asnieres-13-juin-21-Photos-groupe.jpg 2045w\" sizes=\"auto, (max-width: 300px) 100vw, 300px\" \/><\/td>\n<td style=\"width: 53.5185%; height: 214px;\">\n<p>Vous pourrez vous initier au patinage avec des conseils des membres du club (avec pr\u00eat de patins).<\/p>\n<\/td>\n<\/tr>\n<tr style=\"height: 211px;\">\n<td style=\"width: 50%; height: 211px;\">Quelques d\u00e9monstrations de danses en couples ou de ballet sur glace sont \u00e9galement au menu.<\/td>\n<td style=\"width: 53.5185%; height: 211px;\"><img loading=\"lazy\" decoding=\"async\" class=\"alignnone size-medium wp-image-808\" src=\"http:\/\/cpaparis.org\/wp-content\/uploads\/2020\/12\/IMG-2262-300x225.jpg\" alt=\"\" width=\"300\" height=\"225\" srcset=\"http:\/\/cpaparis.org\/wp-content\/uploads\/2020\/12\/IMG-2262-300x225.jpg 300w, http:\/\/cpaparis.org\/wp-content\/uploads\/2020\/12\/IMG-2262-1024x768.jpg 1024w, http:\/\/cpaparis.org\/wp-content\/uploads\/2020\/12\/IMG-2262-768x576.jpg 768w, http:\/\/cpaparis.org\/wp-content\/uploads\/2020\/12\/IMG-2262.jpg 1177w\" sizes=\"auto, (max-width: 300px) 100vw, 300px\" \/><\/td>\n<\/tr>\n<\/tbody>\n<\/table>\n<p><br \/><strong><span style=\"color: #3366ff;\">Patinoire d&rsquo;Asni\u00e8res<\/span><\/strong><br \/><span style=\"color: #3366ff;\">All\u00e9e Pierre de Coubertin<\/span><br \/><span style=\"color: #3366ff;\">92600 Asni\u00e8res sur Seine<\/span><\/p>\n<p>Si vous souhaitez participer ou avoir des compl\u00e9ments d&rsquo;information, contactez-nous \u00e0 <strong><a href=\"mailto:info@cpaparis.org\">info@cpaparis.org<\/a>.<\/strong><\/p>\n<p>Pass sanitaire \u00e0 pr\u00e9senter.<\/p>\n\n\n\n<p><\/p>\n","protected":false},"excerpt":{"rendered":"<p>Vous voulez d\u00e9couvrir la Danse sur glace ou le Ballet sur glace?Le Club de Patinage Adultes de Paris vous invite \u00e0 une soir\u00e9e Portes Ouvertes le dimanche 26 septembre 2021, de 21H \u00e0 23H. Au programme: Vous pourrez vous initier <a class=\"more-link\" href=\"http:\/\/cpaparis.org\/?p=923\">Lire plus &#8230;<\/a><\/p>\n","protected":false},"author":7,"featured_media":0,"comment_status":"closed","ping_status":"open","sticky":false,"template":"","format":"standard","meta":{"footnotes":""},"categories":[9],"tags":[24,25,22,23],"post_folder":[],"class_list":["post-923","post","type-post","status-publish","format-standard","hentry","category-evenements","tag-glisse","tag-passion","tag-patinage","tag-sport-adulte"],"yoast_head":"<!-- This site is optimized with the Yoast SEO plugin v26.2 - https:\/\/yoast.com\/wordpress\/plugins\/seo\/ -->\n<title>Soir\u00e9e PORTES OUVERTES 26 septembre 2021 - Club de Patinage Adultes de Paris<\/title>\n<meta name=\"robots\" content=\"index, follow, max-snippet:-1, max-image-preview:large, max-video-preview:-1\" \/>\n<link rel=\"canonical\" href=\"http:\/\/cpaparis.org\/?p=923\" \/>\n<meta property=\"og:locale\" content=\"fr_FR\" \/>\n<meta property=\"og:type\" content=\"article\" \/>\n<meta property=\"og:title\" content=\"Soir\u00e9e PORTES OUVERTES 26 septembre 2021 - Club de Patinage Adultes de Paris\" \/>\n<meta property=\"og:description\" content=\"Vous voulez d\u00e9couvrir la Danse sur glace ou le Ballet sur glace?Le Club de Patinage Adultes de Paris vous invite \u00e0 une soir\u00e9e Portes Ouvertes le dimanche 26 septembre 2021, de 21H \u00e0 23H. Au programme: Vous pourrez vous initier Lire plus ...\" \/>\n<meta property=\"og:url\" content=\"http:\/\/cpaparis.org\/?p=923\" \/>\n<meta property=\"og:site_name\" content=\"Club de Patinage Adultes de Paris\" \/>\n<meta property=\"article:published_time\" content=\"2021-09-06T21:02:31+00:00\" \/>\n<meta property=\"article:modified_time\" content=\"2024-10-16T17:08:17+00:00\" \/>\n<meta property=\"og:image\" content=\"http:\/\/cpaparis.org\/wp-content\/uploads\/2021\/09\/Asnieres-13-juin-21-Photos-groupe-300x225.jpg\" \/>\n<meta name=\"author\" content=\"Nathalie Rivi\u00e8re\" \/>\n<meta name=\"twitter:card\" content=\"summary_large_image\" \/>\n<meta name=\"twitter:label1\" content=\"\u00c9crit par\" \/>\n\t<meta name=\"twitter:data1\" content=\"Nathalie Rivi\u00e8re\" \/>\n\t<meta name=\"twitter:label2\" content=\"Dur\u00e9e de lecture estim\u00e9e\" \/>\n\t<meta name=\"twitter:data2\" content=\"1 minute\" \/>\n<script type=\"application\/ld+json\" class=\"yoast-schema-graph\">{\"@context\":\"https:\/\/schema.org\",\"@graph\":[{\"@type\":\"Article\",\"@id\":\"http:\/\/cpaparis.org\/?p=923#article\",\"isPartOf\":{\"@id\":\"http:\/\/cpaparis.org\/?p=923\"},\"author\":{\"name\":\"Nathalie Rivi\u00e8re\",\"@id\":\"http:\/\/cpaparis.org\/#\/schema\/person\/c2e33c2b70e61acce89657d2bc53509c\"},\"headline\":\"Soir\u00e9e PORTES OUVERTES 26 septembre 2021\",\"datePublished\":\"2021-09-06T21:02:31+00:00\",\"dateModified\":\"2024-10-16T17:08:17+00:00\",\"mainEntityOfPage\":{\"@id\":\"http:\/\/cpaparis.org\/?p=923\"},\"wordCount\":104,\"publisher\":{\"@id\":\"http:\/\/cpaparis.org\/#organization\"},\"image\":{\"@id\":\"http:\/\/cpaparis.org\/?p=923#primaryimage\"},\"thumbnailUrl\":\"http:\/\/cpaparis.org\/wp-content\/uploads\/2021\/09\/Asnieres-13-juin-21-Photos-groupe-300x225.jpg\",\"keywords\":[\"glisse\",\"passion\",\"patinage\",\"sport adulte\"],\"articleSection\":[\"\u00c9v\u00e8nements\"],\"inLanguage\":\"fr-FR\"},{\"@type\":\"WebPage\",\"@id\":\"http:\/\/cpaparis.org\/?p=923\",\"url\":\"http:\/\/cpaparis.org\/?p=923\",\"name\":\"Soir\u00e9e PORTES OUVERTES 26 septembre 2021 - Club de Patinage Adultes de Paris\",\"isPartOf\":{\"@id\":\"http:\/\/cpaparis.org\/#website\"},\"primaryImageOfPage\":{\"@id\":\"http:\/\/cpaparis.org\/?p=923#primaryimage\"},\"image\":{\"@id\":\"http:\/\/cpaparis.org\/?p=923#primaryimage\"},\"thumbnailUrl\":\"http:\/\/cpaparis.org\/wp-content\/uploads\/2021\/09\/Asnieres-13-juin-21-Photos-groupe-300x225.jpg\",\"datePublished\":\"2021-09-06T21:02:31+00:00\",\"dateModified\":\"2024-10-16T17:08:17+00:00\",\"breadcrumb\":{\"@id\":\"http:\/\/cpaparis.org\/?p=923#breadcrumb\"},\"inLanguage\":\"fr-FR\",\"potentialAction\":[{\"@type\":\"ReadAction\",\"target\":[\"http:\/\/cpaparis.org\/?p=923\"]}]},{\"@type\":\"ImageObject\",\"inLanguage\":\"fr-FR\",\"@id\":\"http:\/\/cpaparis.org\/?p=923#primaryimage\",\"url\":\"http:\/\/cpaparis.org\/wp-content\/uploads\/2021\/09\/Asnieres-13-juin-21-Photos-groupe.jpg\",\"contentUrl\":\"http:\/\/cpaparis.org\/wp-content\/uploads\/2021\/09\/Asnieres-13-juin-21-Photos-groupe.jpg\",\"width\":2045,\"height\":1534},{\"@type\":\"BreadcrumbList\",\"@id\":\"http:\/\/cpaparis.org\/?p=923#breadcrumb\",\"itemListElement\":[{\"@type\":\"ListItem\",\"position\":1,\"name\":\"Accueil\",\"item\":\"http:\/\/cpaparis.org\/\"},{\"@type\":\"ListItem\",\"position\":2,\"name\":\"Soir\u00e9e PORTES OUVERTES 26 septembre 2021\"}]},{\"@type\":\"WebSite\",\"@id\":\"http:\/\/cpaparis.org\/#website\",\"url\":\"http:\/\/cpaparis.org\/\",\"name\":\"Club de Patinage Adultes de Paris\",\"description\":\"Labellis\u00e9 \u00e9cole de glace par la F\u00e9d\u00e9ration Fran\u00e7aise des Sports de Glace\",\"publisher\":{\"@id\":\"http:\/\/cpaparis.org\/#organization\"},\"potentialAction\":[{\"@type\":\"SearchAction\",\"target\":{\"@type\":\"EntryPoint\",\"urlTemplate\":\"http:\/\/cpaparis.org\/?s={search_term_string}\"},\"query-input\":{\"@type\":\"PropertyValueSpecification\",\"valueRequired\":true,\"valueName\":\"search_term_string\"}}],\"inLanguage\":\"fr-FR\"},{\"@type\":\"Organization\",\"@id\":\"http:\/\/cpaparis.org\/#organization\",\"name\":\"Club de Patinage Adultes de Paris\",\"url\":\"http:\/\/cpaparis.org\/\",\"logo\":{\"@type\":\"ImageObject\",\"inLanguage\":\"fr-FR\",\"@id\":\"http:\/\/cpaparis.org\/#\/schema\/logo\/image\/\",\"url\":\"http:\/\/cpaparis.org\/wp-content\/uploads\/2019\/10\/cpap-transparent.png\",\"contentUrl\":\"http:\/\/cpaparis.org\/wp-content\/uploads\/2019\/10\/cpap-transparent.png\",\"width\":99,\"height\":48,\"caption\":\"Club de Patinage Adultes de Paris\"},\"image\":{\"@id\":\"http:\/\/cpaparis.org\/#\/schema\/logo\/image\/\"}},{\"@type\":\"Person\",\"@id\":\"http:\/\/cpaparis.org\/#\/schema\/person\/c2e33c2b70e61acce89657d2bc53509c\",\"name\":\"Nathalie Rivi\u00e8re\",\"image\":{\"@type\":\"ImageObject\",\"inLanguage\":\"fr-FR\",\"@id\":\"http:\/\/cpaparis.org\/#\/schema\/person\/image\/\",\"url\":\"https:\/\/secure.gravatar.com\/avatar\/94f99a426af0f454d3c0c81a19f2dc4002b9b3d60e0f9388621c5c798ad12f9b?s=96&d=mm&r=g\",\"contentUrl\":\"https:\/\/secure.gravatar.com\/avatar\/94f99a426af0f454d3c0c81a19f2dc4002b9b3d60e0f9388621c5c798ad12f9b?s=96&d=mm&r=g\",\"caption\":\"Nathalie Rivi\u00e8re\"},\"url\":\"http:\/\/cpaparis.org\/?author=7\"}]}<\/script>\n<!-- \/ Yoast SEO plugin. -->","yoast_head_json":{"title":"Soir\u00e9e PORTES OUVERTES 26 septembre 2021 - Club de Patinage Adultes de Paris","robots":{"index":"index","follow":"follow","max-snippet":"max-snippet:-1","max-image-preview":"max-image-preview:large","max-video-preview":"max-video-preview:-1"},"canonical":"http:\/\/cpaparis.org\/?p=923","og_locale":"fr_FR","og_type":"article","og_title":"Soir\u00e9e PORTES OUVERTES 26 septembre 2021 - Club de Patinage Adultes de Paris","og_description":"Vous voulez d\u00e9couvrir la Danse sur glace ou le Ballet sur glace?Le Club de Patinage Adultes de Paris vous invite \u00e0 une soir\u00e9e Portes Ouvertes le dimanche 26 septembre 2021, de 21H \u00e0 23H. Au programme: Vous pourrez vous initier Lire plus ...","og_url":"http:\/\/cpaparis.org\/?p=923","og_site_name":"Club de Patinage Adultes de Paris","article_published_time":"2021-09-06T21:02:31+00:00","article_modified_time":"2024-10-16T17:08:17+00:00","og_image":[{"url":"http:\/\/cpaparis.org\/wp-content\/uploads\/2021\/09\/Asnieres-13-juin-21-Photos-groupe-300x225.jpg","type":"","width":"","height":""}],"author":"Nathalie Rivi\u00e8re","twitter_card":"summary_large_image","twitter_misc":{"\u00c9crit par":"Nathalie Rivi\u00e8re","Dur\u00e9e de lecture estim\u00e9e":"1 minute"},"schema":{"@context":"https:\/\/schema.org","@graph":[{"@type":"Article","@id":"http:\/\/cpaparis.org\/?p=923#article","isPartOf":{"@id":"http:\/\/cpaparis.org\/?p=923"},"author":{"name":"Nathalie Rivi\u00e8re","@id":"http:\/\/cpaparis.org\/#\/schema\/person\/c2e33c2b70e61acce89657d2bc53509c"},"headline":"Soir\u00e9e PORTES OUVERTES 26 septembre 2021","datePublished":"2021-09-06T21:02:31+00:00","dateModified":"2024-10-16T17:08:17+00:00","mainEntityOfPage":{"@id":"http:\/\/cpaparis.org\/?p=923"},"wordCount":104,"publisher":{"@id":"http:\/\/cpaparis.org\/#organization"},"image":{"@id":"http:\/\/cpaparis.org\/?p=923#primaryimage"},"thumbnailUrl":"http:\/\/cpaparis.org\/wp-content\/uploads\/2021\/09\/Asnieres-13-juin-21-Photos-groupe-300x225.jpg","keywords":["glisse","passion","patinage","sport adulte"],"articleSection":["\u00c9v\u00e8nements"],"inLanguage":"fr-FR"},{"@type":"WebPage","@id":"http:\/\/cpaparis.org\/?p=923","url":"http:\/\/cpaparis.org\/?p=923","name":"Soir\u00e9e PORTES OUVERTES 26 septembre 2021 - Club de Patinage Adultes de Paris","isPartOf":{"@id":"http:\/\/cpaparis.org\/#website"},"primaryImageOfPage":{"@id":"http:\/\/cpaparis.org\/?p=923#primaryimage"},"image":{"@id":"http:\/\/cpaparis.org\/?p=923#primaryimage"},"thumbnailUrl":"http:\/\/cpaparis.org\/wp-content\/uploads\/2021\/09\/Asnieres-13-juin-21-Photos-groupe-300x225.jpg","datePublished":"2021-09-06T21:02:31+00:00","dateModified":"2024-10-16T17:08:17+00:00","breadcrumb":{"@id":"http:\/\/cpaparis.org\/?p=923#breadcrumb"},"inLanguage":"fr-FR","potentialAction":[{"@type":"ReadAction","target":["http:\/\/cpaparis.org\/?p=923"]}]},{"@type":"ImageObject","inLanguage":"fr-FR","@id":"http:\/\/cpaparis.org\/?p=923#primaryimage","url":"http:\/\/cpaparis.org\/wp-content\/uploads\/2021\/09\/Asnieres-13-juin-21-Photos-groupe.jpg","contentUrl":"http:\/\/cpaparis.org\/wp-content\/uploads\/2021\/09\/Asnieres-13-juin-21-Photos-groupe.jpg","width":2045,"height":1534},{"@type":"BreadcrumbList","@id":"http:\/\/cpaparis.org\/?p=923#breadcrumb","itemListElement":[{"@type":"ListItem","position":1,"name":"Accueil","item":"http:\/\/cpaparis.org\/"},{"@type":"ListItem","position":2,"name":"Soir\u00e9e PORTES OUVERTES 26 septembre 2021"}]},{"@type":"WebSite","@id":"http:\/\/cpaparis.org\/#website","url":"http:\/\/cpaparis.org\/","name":"Club de Patinage Adultes de Paris","description":"Labellis\u00e9 \u00e9cole de glace par la F\u00e9d\u00e9ration Fran\u00e7aise des Sports de Glace","publisher":{"@id":"http:\/\/cpaparis.org\/#organization"},"potentialAction":[{"@type":"SearchAction","target":{"@type":"EntryPoint","urlTemplate":"http:\/\/cpaparis.org\/?s={search_term_string}"},"query-input":{"@type":"PropertyValueSpecification","valueRequired":true,"valueName":"search_term_string"}}],"inLanguage":"fr-FR"},{"@type":"Organization","@id":"http:\/\/cpaparis.org\/#organization","name":"Club de Patinage Adultes de Paris","url":"http:\/\/cpaparis.org\/","logo":{"@type":"ImageObject","inLanguage":"fr-FR","@id":"http:\/\/cpaparis.org\/#\/schema\/logo\/image\/","url":"http:\/\/cpaparis.org\/wp-content\/uploads\/2019\/10\/cpap-transparent.png","contentUrl":"http:\/\/cpaparis.org\/wp-content\/uploads\/2019\/10\/cpap-transparent.png","width":99,"height":48,"caption":"Club de Patinage Adultes de Paris"},"image":{"@id":"http:\/\/cpaparis.org\/#\/schema\/logo\/image\/"}},{"@type":"Person","@id":"http:\/\/cpaparis.org\/#\/schema\/person\/c2e33c2b70e61acce89657d2bc53509c","name":"Nathalie Rivi\u00e8re","image":{"@type":"ImageObject","inLanguage":"fr-FR","@id":"http:\/\/cpaparis.org\/#\/schema\/person\/image\/","url":"https:\/\/secure.gravatar.com\/avatar\/94f99a426af0f454d3c0c81a19f2dc4002b9b3d60e0f9388621c5c798ad12f9b?s=96&d=mm&r=g","contentUrl":"https:\/\/secure.gravatar.com\/avatar\/94f99a426af0f454d3c0c81a19f2dc4002b9b3d60e0f9388621c5c798ad12f9b?s=96&d=mm&r=g","caption":"Nathalie Rivi\u00e8re"},"url":"http:\/\/cpaparis.org\/?author=7"}]}},"_links":{"self":[{"href":"http:\/\/cpaparis.org\/index.php?rest_route=\/wp\/v2\/posts\/923","targetHints":{"allow":["GET"]}}],"collection":[{"href":"http:\/\/cpaparis.org\/index.php?rest_route=\/wp\/v2\/posts"}],"about":[{"href":"http:\/\/cpaparis.org\/index.php?rest_route=\/wp\/v2\/types\/post"}],"author":[{"embeddable":true,"href":"http:\/\/cpaparis.org\/index.php?rest_route=\/wp\/v2\/users\/7"}],"replies":[{"embeddable":true,"href":"http:\/\/cpaparis.org\/index.php?rest_route=%2Fwp%2Fv2%2Fcomments&post=923"}],"version-history":[{"count":9,"href":"http:\/\/cpaparis.org\/index.php?rest_route=\/wp\/v2\/posts\/923\/revisions"}],"predecessor-version":[{"id":933,"href":"http:\/\/cpaparis.org\/index.php?rest_route=\/wp\/v2\/posts\/923\/revisions\/933"}],"wp:attachment":[{"href":"http:\/\/cpaparis.org\/index.php?rest_route=%2Fwp%2Fv2%2Fmedia&parent=923"}],"wp:term":[{"taxonomy":"category","embeddable":true,"href":"http:\/\/cpaparis.org\/index.php?rest_route=%2Fwp%2Fv2%2Fcategories&post=923"},{"taxonomy":"post_tag","embeddable":true,"href":"http:\/\/cpaparis.org\/index.php?rest_route=%2Fwp%2Fv2%2Ftags&post=923"},{"taxonomy":"post_folder","embeddable":true,"href":"http:\/\/cpaparis.org\/index.php?rest_route=%2Fwp%2Fv2%2Fpost_folder&post=923"}],"curies":[{"name":"wp","href":"https:\/\/api.w.org\/{rel}","templated":true}]}}